{"id":9142,"date":"2023-12-20T14:58:53","date_gmt":"2023-12-20T13:58:53","guid":{"rendered":"https:\/\/agora.xtec.cat\/iesmontbui\/?p=9142"},"modified":"2023-12-20T16:46:19","modified_gmt":"2023-12-20T15:46:19","slug":"coneixem-la-senyora-de-tous","status":"publish","type":"post","link":"https:\/\/agora.xtec.cat\/iesmontbui\/eso\/eso-1\/coneixem-la-senyora-de-tous\/","title":{"rendered":"Coneixem la senyora de Tous"},"content":{"rendered":"<p>En el darrer dia lectiu de 2023, primer d&#8217;ESO ha sortit de l&#8217;aula. S&#8217;ha despla\u00e7at a <strong>Sant Mart\u00ed de Tous<\/strong> per a con\u00e8ixer <strong>La Senyora de Tous.<\/strong> Aix\u00ed \u00e9s com es titula aquest adaptaci\u00f3 teatral que s&#8217;ha representat al Teatre Nu de la localitat i que explica la hist\u00f2ria de <strong>Beatriu de Vilanova,<\/strong> senyora del Castell de Tous, que va viure des de la seva infantesa envoltada de luxe i atencions. Les seves riqueses, per\u00f2, no van durar per sempre.<\/p>\n<p>I de p\u00fablic, a protagonistes, perqu\u00e8 les noies i nois de l&#8217;institut tamb\u00e9 han pogut posar-se en el paper d&#8217;actrius i actors tot participant en diversos tallers de teatre. Ja fora d&#8217;escena, l&#8217;alumnat ha pogut veure i descobrir el context hist\u00f2ric de Tous, les seves arrels medievals i la seva evoluci\u00f3. El castell i l&#8217;esgl\u00e9sia han centrat la seva visita.<\/p>\n","protected":false},"excerpt":{"rendered":"<p>En el darrer dia lectiu de 2023, primer d&#8217;ESO ha sortit de l&#8217;aula. S&#8217;ha despla\u00e7at a Sant Mart\u00ed de Tous per a con\u00e8ixer La Senyora de Tous. Aix\u00ed \u00e9s com es titula aquest adaptaci\u00f3 teatral que s&#8217;ha representat al Teatre Nu de la localitat i&hellip;  <a href=\"https:\/\/agora.xtec.cat\/iesmontbui\/eso\/eso-1\/coneixem-la-senyora-de-tous\/\" title=\"Read Coneixem la senyora de Tous\">Llegeix m\u00e9s\u00bb<\/a><\/p>\n","protected":false},"author":66,"featured_media":9144,"comment_status":"open","ping_status":"closed","sticky":false,"template":"","format":"standard","meta":{"_bbp_topic_count":0,"_bbp_reply_count":0,"_bbp_total_topic_count":0,"_bbp_total_reply_count":0,"_bbp_voice_count":0,"_bbp_anonymous_reply_count":0,"_bbp_topic_count_hidden":0,"_bbp_reply_count_hidden":0,"_bbp_forum_subforum_count":0,"footnotes":""},"categories":[4,29],"tags":[468,469,40],"class_list":["post-9142","post","type-post","status-publish","format-standard","has-post-thumbnail","hentry","category-eso-1","category-portada","tag-la-senyora-de-tous","tag-sant-marti-de-tous","tag-teatre"],"post_mailing_queue_ids":[],"_links":{"self":[{"href":"https:\/\/agora.xtec.cat\/iesmontbui\/wp-json\/wp\/v2\/posts\/9142","targetHints":{"allow":["GET"]}}],"collection":[{"href":"https:\/\/agora.xtec.cat\/iesmontbui\/wp-json\/wp\/v2\/posts"}],"about":[{"href":"https:\/\/agora.xtec.cat\/iesmontbui\/wp-json\/wp\/v2\/types\/post"}],"author":[{"embeddable":true,"href":"https:\/\/agora.xtec.cat\/iesmontbui\/wp-json\/wp\/v2\/users\/66"}],"replies":[{"embeddable":true,"href":"https:\/\/agora.xtec.cat\/iesmontbui\/wp-json\/wp\/v2\/comments?post=9142"}],"version-history":[{"count":3,"href":"https:\/\/agora.xtec.cat\/iesmontbui\/wp-json\/wp\/v2\/posts\/9142\/revisions"}],"predecessor-version":[{"id":9149,"href":"https:\/\/agora.xtec.cat\/iesmontbui\/wp-json\/wp\/v2\/posts\/9142\/revisions\/9149"}],"wp:featuredmedia":[{"embeddable":true,"href":"https:\/\/agora.xtec.cat\/iesmontbui\/wp-json\/wp\/v2\/media\/9144"}],"wp:attachment":[{"href":"https:\/\/agora.xtec.cat\/iesmontbui\/wp-json\/wp\/v2\/media?parent=9142"}],"wp:term":[{"taxonomy":"category","embeddable":true,"href":"https:\/\/agora.xtec.cat\/iesmontbui\/wp-json\/wp\/v2\/categories?post=9142"},{"taxonomy":"post_tag","embeddable":true,"href":"https:\/\/agora.xtec.cat\/iesmontbui\/wp-json\/wp\/v2\/tags?post=9142"}],"curies":[{"name":"wp","href":"https:\/\/api.w.org\/{rel}","templated":true}]}}