{"id":9123,"date":"2023-12-20T12:48:46","date_gmt":"2023-12-20T11:48:46","guid":{"rendered":"https:\/\/agora.xtec.cat\/iesmontbui\/?p=9123"},"modified":"2023-12-20T13:19:49","modified_gmt":"2023-12-20T12:19:49","slug":"els-guanyadors-de-la-millor-postal-de-nadal","status":"publish","type":"post","link":"https:\/\/agora.xtec.cat\/iesmontbui\/eso\/els-guanyadors-de-la-millor-postal-de-nadal\/","title":{"rendered":"Les guanyadores de la millor postal de Nadal"},"content":{"rendered":"<p dir=\"ltr\">Ja tenim guanyadores del concurs de postal de Nadal. En la categoria A (alumnat de 1r i 2n d&#8217;ESO), la m\u00e9s votada ha estat la proposta de la<strong> Laia Sebastian<\/strong> (2n A), que ha dibuixat un preci\u00f3s c\u00e9rvol que ens felicita per Nadal.<\/p>\n<p dir=\"ltr\"><a href=\"https:\/\/agora.xtec.cat\/iesmontbui\/eso\/els-guanyadors-de-la-millor-postal-de-nadal\/attachment\/laia-sebastian-2n-a\/\" rel=\"attachment wp-att-9124\"><img loading=\"lazy\" decoding=\"async\" class=\"wp-image-9124 aligncenter\" src=\"https:\/\/agora.xtec.cat\/iesmontbui\/wp-content\/uploads\/usu145\/2023\/12\/Laia-Sebastian-2n-A.jpg\" alt=\"\" width=\"220\" height=\"336\" srcset=\"https:\/\/agora.xtec.cat\/iesmontbui\/wp-content\/uploads\/usu145\/2023\/12\/Laia-Sebastian-2n-A.jpg 972w, https:\/\/agora.xtec.cat\/iesmontbui\/wp-content\/uploads\/usu145\/2023\/12\/Laia-Sebastian-2n-A-196x300.jpg 196w, https:\/\/agora.xtec.cat\/iesmontbui\/wp-content\/uploads\/usu145\/2023\/12\/Laia-Sebastian-2n-A-669x1024.jpg 669w, https:\/\/agora.xtec.cat\/iesmontbui\/wp-content\/uploads\/usu145\/2023\/12\/Laia-Sebastian-2n-A-768x1175.jpg 768w\" sizes=\"auto, (max-width: 220px) 100vw, 220px\" \/><\/a><\/p>\n<p dir=\"ltr\">Pel qu\u00e8 fa a la categoria B (alumnes de 3r,4t, PFI i Batxillerat), amb papers caragolats, la proposta vencedora ha estat la de la <strong>Jihan Ikken<\/strong> de 4t B, que ha creat un arbre molt elegant.<\/p>\n<p dir=\"ltr\"><a href=\"https:\/\/agora.xtec.cat\/iesmontbui\/eso\/els-guanyadors-de-la-millor-postal-de-nadal\/attachment\/jihan-ikken-4t-b\/\" rel=\"attachment wp-att-9126\"><img loading=\"lazy\" decoding=\"async\" class=\"wp-image-9126 aligncenter\" src=\"https:\/\/agora.xtec.cat\/iesmontbui\/wp-content\/uploads\/usu145\/2023\/12\/Jihan-Ikken-4t-B-scaled.jpg\" alt=\"\" width=\"274\" height=\"390\" srcset=\"https:\/\/agora.xtec.cat\/iesmontbui\/wp-content\/uploads\/usu145\/2023\/12\/Jihan-Ikken-4t-B-scaled.jpg 1798w, https:\/\/agora.xtec.cat\/iesmontbui\/wp-content\/uploads\/usu145\/2023\/12\/Jihan-Ikken-4t-B-211x300.jpg 211w, https:\/\/agora.xtec.cat\/iesmontbui\/wp-content\/uploads\/usu145\/2023\/12\/Jihan-Ikken-4t-B-719x1024.jpg 719w, https:\/\/agora.xtec.cat\/iesmontbui\/wp-content\/uploads\/usu145\/2023\/12\/Jihan-Ikken-4t-B-768x1094.jpg 768w, https:\/\/agora.xtec.cat\/iesmontbui\/wp-content\/uploads\/usu145\/2023\/12\/Jihan-Ikken-4t-B-1079x1536.jpg 1079w, https:\/\/agora.xtec.cat\/iesmontbui\/wp-content\/uploads\/usu145\/2023\/12\/Jihan-Ikken-4t-B-1438x2048.jpg 1438w\" sizes=\"auto, (max-width: 274px) 100vw, 274px\" \/><\/a><\/p>\n<p dir=\"ltr\">En la categoria P, la professora la <strong>Sandra Prat<\/strong> ha estat la m\u00e9s votada, en una proposta que juga amb les llums nadalenques per desitjar-nos que mai deixem de brillar.<\/p>\n<p dir=\"ltr\"><a href=\"https:\/\/agora.xtec.cat\/iesmontbui\/eso\/els-guanyadors-de-la-millor-postal-de-nadal\/attachment\/sandra-prat-professora-2\/\" rel=\"attachment wp-att-9127\"><img loading=\"lazy\" decoding=\"async\" class=\"wp-image-9127 aligncenter\" src=\"https:\/\/agora.xtec.cat\/iesmontbui\/wp-content\/uploads\/usu145\/2023\/12\/Sandra-Prat-Professora-scaled.jpg\" alt=\"\" width=\"341\" height=\"480\" srcset=\"https:\/\/agora.xtec.cat\/iesmontbui\/wp-content\/uploads\/usu145\/2023\/12\/Sandra-Prat-Professora-scaled.jpg 1819w, https:\/\/agora.xtec.cat\/iesmontbui\/wp-content\/uploads\/usu145\/2023\/12\/Sandra-Prat-Professora-213x300.jpg 213w, https:\/\/agora.xtec.cat\/iesmontbui\/wp-content\/uploads\/usu145\/2023\/12\/Sandra-Prat-Professora-727x1024.jpg 727w, https:\/\/agora.xtec.cat\/iesmontbui\/wp-content\/uploads\/usu145\/2023\/12\/Sandra-Prat-Professora-768x1081.jpg 768w, https:\/\/agora.xtec.cat\/iesmontbui\/wp-content\/uploads\/usu145\/2023\/12\/Sandra-Prat-Professora-1091x1536.jpg 1091w, https:\/\/agora.xtec.cat\/iesmontbui\/wp-content\/uploads\/usu145\/2023\/12\/Sandra-Prat-Professora-1455x2048.jpg 1455w\" sizes=\"auto, (max-width: 341px) 100vw, 341px\" \/><\/a><\/p>\n<p dir=\"ltr\">Finalment, en la categoria digital (per a tots els alumnes i professors), l\u2019<strong>Helena Muntada,<\/strong> de primer de batxillerat, ha editat un stop-motion amb la qual ens felicita les festes mitjan\u00e7ant una nevada m\u00e0gica amb els arbres, els rens i el trineu ple de regals.<\/p>\n<div style=\"width: 1920px;\" class=\"wp-video\"><!--[if lt IE 9]><script>document.createElement('video');<\/script><![endif]-->\n<video class=\"wp-video-shortcode\" id=\"video-9123-1\" width=\"1920\" height=\"1080\" preload=\"metadata\" controls=\"controls\"><source type=\"video\/mp4\" src=\"https:\/\/agora.xtec.cat\/iesmontbui\/wp-content\/uploads\/usu145\/2023\/12\/28a79388-392c-499f-a0ce-eb35385a2c21.mp4?_=1\" \/><a href=\"https:\/\/agora.xtec.cat\/iesmontbui\/wp-content\/uploads\/usu145\/2023\/12\/28a79388-392c-499f-a0ce-eb35385a2c21.mp4\">https:\/\/agora.xtec.cat\/iesmontbui\/wp-content\/uploads\/usu145\/2023\/12\/28a79388-392c-499f-a0ce-eb35385a2c21.mp4<\/a><\/video><\/div>\n<p dir=\"ltr\">\n","protected":false},"excerpt":{"rendered":"<p>Ja tenim guanyadores del concurs de postal de Nadal. En la categoria A (alumnat de 1r i 2n d&#8217;ESO), la m\u00e9s votada ha estat la proposta de la Laia Sebastian (2n A), que ha dibuixat un preci\u00f3s c\u00e9rvol que ens felicita per Nadal.<br \/>\n<a href=\"https:\/\/agora.xtec.cat\/iesmontbui\/eso\/els-guanyadors-de-la-millor-postal-de-nadal\/attachment\/laia-sebastian-2n-a\/\" rel=\"attachment&hellip;  <a href=\"https:\/\/agora.xtec.cat\/iesmontbui\/eso\/els-guanyadors-de-la-millor-postal-de-nadal\/\" title=\"Read Les guanyadores de la millor postal de Nadal\">Llegeix m\u00e9s\u00bb<\/a><\/p>\n","protected":false},"author":66,"featured_media":9126,"comment_status":"open","ping_status":"closed","sticky":false,"template":"","format":"standard","meta":{"_bbp_topic_count":0,"_bbp_reply_count":0,"_bbp_total_topic_count":0,"_bbp_total_reply_count":0,"_bbp_voice_count":0,"_bbp_anonymous_reply_count":0,"_bbp_topic_count_hidden":0,"_bbp_reply_count_hidden":0,"_bbp_forum_subforum_count":0,"footnotes":""},"categories":[8,3,339,29],"tags":[458,457],"class_list":["post-9123","post","type-post","status-publish","format-standard","has-post-thumbnail","hentry","category-batxillerat","category-eso","category-pfi","category-portada","tag-concurs-postals-nadal","tag-concurs-postals-nadal-2023"],"post_mailing_queue_ids":[],"_links":{"self":[{"href":"https:\/\/agora.xtec.cat\/iesmontbui\/wp-json\/wp\/v2\/posts\/9123","targetHints":{"allow":["GET"]}}],"collection":[{"href":"https:\/\/agora.xtec.cat\/iesmontbui\/wp-json\/wp\/v2\/posts"}],"about":[{"href":"https:\/\/agora.xtec.cat\/iesmontbui\/wp-json\/wp\/v2\/types\/post"}],"author":[{"embeddable":true,"href":"https:\/\/agora.xtec.cat\/iesmontbui\/wp-json\/wp\/v2\/users\/66"}],"replies":[{"embeddable":true,"href":"https:\/\/agora.xtec.cat\/iesmontbui\/wp-json\/wp\/v2\/comments?post=9123"}],"version-history":[{"count":6,"href":"https:\/\/agora.xtec.cat\/iesmontbui\/wp-json\/wp\/v2\/posts\/9123\/revisions"}],"predecessor-version":[{"id":9138,"href":"https:\/\/agora.xtec.cat\/iesmontbui\/wp-json\/wp\/v2\/posts\/9123\/revisions\/9138"}],"wp:featuredmedia":[{"embeddable":true,"href":"https:\/\/agora.xtec.cat\/iesmontbui\/wp-json\/wp\/v2\/media\/9126"}],"wp:attachment":[{"href":"https:\/\/agora.xtec.cat\/iesmontbui\/wp-json\/wp\/v2\/media?parent=9123"}],"wp:term":[{"taxonomy":"category","embeddable":true,"href":"https:\/\/agora.xtec.cat\/iesmontbui\/wp-json\/wp\/v2\/categories?post=9123"},{"taxonomy":"post_tag","embeddable":true,"href":"https:\/\/agora.xtec.cat\/iesmontbui\/wp-json\/wp\/v2\/tags?post=9123"}],"curies":[{"name":"wp","href":"https:\/\/api.w.org\/{rel}","templated":true}]}}