{"id":9119,"date":"2023-12-19T13:24:52","date_gmt":"2023-12-19T12:24:52","guid":{"rendered":"https:\/\/agora.xtec.cat\/iesmontbui\/?p=9119"},"modified":"2023-12-19T13:37:13","modified_gmt":"2023-12-19T12:37:13","slug":"benvinguts-benvinguts-al-concert-de-nadal","status":"publish","type":"post","link":"https:\/\/agora.xtec.cat\/iesmontbui\/eso\/benvinguts-benvinguts-al-concert-de-nadal\/","title":{"rendered":"Benvinguts, benvinguts&#8230; al concert de Nadal!"},"content":{"rendered":"<p>A les portes del Nadal, l&#8217;institut ha celebrat el tradicional concert aquest dimarts, 19 de desembre, a lMont-\u00c0gora. L&#8217;alumnat del projecte AraArt d&#8217;ESO i Batxillerat i la Coral han estat els protagonistes d&#8217;aquest recital d&#8217;una hora de durada que ha combinat can\u00e7ons t\u00edpicament nadalenques amb d&#8217;altres m\u00e9s actuals i que han arrencat els aplaudiments dels assistents. El concert ha comptat amb dos torns. En primer lloc, hi han assistit les classes de primer i tercer i, posteriorment, les de segon i quart d&#8217;ESO. A m\u00e9s, diverses fam\u00edlies tamb\u00e9 han pogut assistir del recital al llarg del mat\u00ed.<\/p>\n<p>Podeu veure un recull de fotografies i videos a <a href=\"https:\/\/www.instagram.com\/institut_montbui\/\">l&#8217;Instagram<\/a> del centre.<\/p>\n","protected":false},"excerpt":{"rendered":"<p>A les portes del Nadal, l&#8217;institut ha celebrat el tradicional concert aquest dimarts, 19 de desembre, a lMont-\u00c0gora. L&#8217;alumnat del projecte AraArt d&#8217;ESO i Batxillerat i la Coral han estat els protagonistes d&#8217;aquest recital d&#8217;una hora de durada que ha combinat can\u00e7ons t\u00edpicament nadalenques amb&hellip;  <a href=\"https:\/\/agora.xtec.cat\/iesmontbui\/eso\/benvinguts-benvinguts-al-concert-de-nadal\/\" title=\"Read Benvinguts, benvinguts&#8230; al concert de Nadal!\">Llegeix m\u00e9s\u00bb<\/a><\/p>\n","protected":false},"author":66,"featured_media":9120,"comment_status":"open","ping_status":"closed","sticky":false,"template":"","format":"standard","meta":{"_bbp_topic_count":0,"_bbp_reply_count":0,"_bbp_total_topic_count":0,"_bbp_total_reply_count":0,"_bbp_voice_count":0,"_bbp_anonymous_reply_count":0,"_bbp_topic_count_hidden":0,"_bbp_reply_count_hidden":0,"_bbp_forum_subforum_count":0,"footnotes":""},"categories":[190,3,29],"tags":[466,467,406],"class_list":["post-9119","post","type-post","status-publish","format-standard","has-post-thumbnail","hentry","category-araart","category-eso","category-portada","tag-araart","tag-concert-de-nadal","tag-mont-agora"],"post_mailing_queue_ids":[],"_links":{"self":[{"href":"https:\/\/agora.xtec.cat\/iesmontbui\/wp-json\/wp\/v2\/posts\/9119","targetHints":{"allow":["GET"]}}],"collection":[{"href":"https:\/\/agora.xtec.cat\/iesmontbui\/wp-json\/wp\/v2\/posts"}],"about":[{"href":"https:\/\/agora.xtec.cat\/iesmontbui\/wp-json\/wp\/v2\/types\/post"}],"author":[{"embeddable":true,"href":"https:\/\/agora.xtec.cat\/iesmontbui\/wp-json\/wp\/v2\/users\/66"}],"replies":[{"embeddable":true,"href":"https:\/\/agora.xtec.cat\/iesmontbui\/wp-json\/wp\/v2\/comments?post=9119"}],"version-history":[{"count":2,"href":"https:\/\/agora.xtec.cat\/iesmontbui\/wp-json\/wp\/v2\/posts\/9119\/revisions"}],"predecessor-version":[{"id":9122,"href":"https:\/\/agora.xtec.cat\/iesmontbui\/wp-json\/wp\/v2\/posts\/9119\/revisions\/9122"}],"wp:featuredmedia":[{"embeddable":true,"href":"https:\/\/agora.xtec.cat\/iesmontbui\/wp-json\/wp\/v2\/media\/9120"}],"wp:attachment":[{"href":"https:\/\/agora.xtec.cat\/iesmontbui\/wp-json\/wp\/v2\/media?parent=9119"}],"wp:term":[{"taxonomy":"category","embeddable":true,"href":"https:\/\/agora.xtec.cat\/iesmontbui\/wp-json\/wp\/v2\/categories?post=9119"},{"taxonomy":"post_tag","embeddable":true,"href":"https:\/\/agora.xtec.cat\/iesmontbui\/wp-json\/wp\/v2\/tags?post=9119"}],"curies":[{"name":"wp","href":"https:\/\/api.w.org\/{rel}","templated":true}]}}