{"id":9080,"date":"2023-12-01T13:41:50","date_gmt":"2023-12-01T12:41:50","guid":{"rendered":"https:\/\/agora.xtec.cat\/iesmontbui\/?p=9080"},"modified":"2023-12-01T13:41:50","modified_gmt":"2023-12-01T12:41:50","slug":"caminades-saludables-dimarts-5-de-desembre-eso","status":"publish","type":"post","link":"https:\/\/agora.xtec.cat\/iesmontbui\/eso\/caminades-saludables-dimarts-5-de-desembre-eso\/","title":{"rendered":"Caminades saludables dimarts 5 de desembre (ESO)"},"content":{"rendered":"<p><span style=\"font-weight: 400;\">El dimarts<\/span><b> 5 de desembre <\/b>es duran a terme diverses caminades saludables entre l&#8217;alumnat d&#8217;ESO, de 8 a 14.30 hores.<\/p>\n<ul>\n<li>Els alumnes de <strong>4t d&#8217;ESO<\/strong> f<span style=\"font-weight: 400;\">aran una sortida caminant des de la Fou de Tous fins a l\u2019Institut Montbui. Aniran a Tous amb autob\u00fas i tornaran caminant. Dist\u00e0ncia: uns 13 km, dificultat moderada.\u00a0<\/span><\/li>\n<li>Els alumnes de <strong>3r d&#8217;ESO<\/strong><span style=\"font-weight: 400;\"> faran una sortida caminant a la Fou de Sant Mart\u00ed de Tous. Marxaran caminant i retornaran amb autob\u00fas. Dist\u00e0ncia: uns 11 km, dificultat moderada.<\/span><\/li>\n<li><span style=\"font-weight: 400;\">Els alumnes de <\/span><b>2n d\u2019ESO<\/b><span style=\"font-weight: 400;\"> faran una sortida caminant a Castell de la Pobla a la Pobla de Claramunt. Marxaran amb autob\u00fas i tornaran caminant. Dist\u00e0ncia: uns 9 Km,dificultat moderada.<\/span><\/li>\n<li>Els a<span style=\"font-weight: 400;\">lumnes de <\/span><b>1r d\u2019ESO<\/b><span style=\"font-weight: 400;\"> faran una caminada fins a Collb\u00e0s (Carme). Dist\u00e0ncia: uns 13 km, dificultat moderada.\u00a0<\/span><\/li>\n<\/ul>\n<p><span style=\"font-weight: 400;\">Cal portar roba i cal\u00e7at adequat per caminar i una motxilla lleugera amb aigua i l\u2019esmorzar.\u00a0<\/span><\/p>\n<p><span style=\"font-weight: 400;\">Donat que la sortida \u00e9s curricular de la mat\u00e8ria d\u2019Educaci\u00f3 F\u00edsica, l\u2019assist\u00e8ncia \u00e9s <\/span><b>obligat\u00f2ria<\/b><span style=\"font-weight: 400;\">. <\/span><\/p>\n","protected":false},"excerpt":{"rendered":"<p>El dimarts 5 de desembre es duran a terme diverses caminades saludables entre l&#8217;alumnat d&#8217;ESO, de 8 a 14.30 hores.<\/p>\n<ul>\n<li>Els alumnes de 4t d&#8217;ESO faran una sortida caminant des de la Fou de Tous fins a l\u2019Institut Montbui. Aniran a Tous amb autob\u00fas i tornaran&hellip;  <a href=\"https:\/\/agora.xtec.cat\/iesmontbui\/eso\/caminades-saludables-dimarts-5-de-desembre-eso\/\" title=\"Read Caminades saludables dimarts 5 de desembre (ESO)\">Llegeix m\u00e9s\u00bb<\/a><br \/>\n","protected":false},"author":66,"featured_media":9081,"comment_status":"open","ping_status":"closed","sticky":false,"template":"","format":"standard","meta":{"_bbp_topic_count":0,"_bbp_reply_count":0,"_bbp_total_topic_count":0,"_bbp_total_reply_count":0,"_bbp_voice_count":0,"_bbp_anonymous_reply_count":0,"_bbp_topic_count_hidden":0,"_bbp_reply_count_hidden":0,"_bbp_forum_subforum_count":0,"footnotes":""},"categories":[98,3,29],"tags":[459,460],"class_list":["post-9080","post","type-post","status-publish","format-standard","has-post-thumbnail","hentry","category-comunicats","category-eso","category-portada","tag-caminades-saludables","tag-caminades-saludables-2023"],"post_mailing_queue_ids":[],"_links":{"self":[{"href":"https:\/\/agora.xtec.cat\/iesmontbui\/wp-json\/wp\/v2\/posts\/9080","targetHints":{"allow":["GET"]}}],"collection":[{"href":"https:\/\/agora.xtec.cat\/iesmontbui\/wp-json\/wp\/v2\/posts"}],"about":[{"href":"https:\/\/agora.xtec.cat\/iesmontbui\/wp-json\/wp\/v2\/types\/post"}],"author":[{"embeddable":true,"href":"https:\/\/agora.xtec.cat\/iesmontbui\/wp-json\/wp\/v2\/users\/66"}],"replies":[{"embeddable":true,"href":"https:\/\/agora.xtec.cat\/iesmontbui\/wp-json\/wp\/v2\/comments?post=9080"}],"version-history":[{"count":1,"href":"https:\/\/agora.xtec.cat\/iesmontbui\/wp-json\/wp\/v2\/posts\/9080\/revisions"}],"predecessor-version":[{"id":9082,"href":"https:\/\/agora.xtec.cat\/iesmontbui\/wp-json\/wp\/v2\/posts\/9080\/revisions\/9082"}],"wp:featuredmedia":[{"embeddable":true,"href":"https:\/\/agora.xtec.cat\/iesmontbui\/wp-json\/wp\/v2\/media\/9081"}],"wp:attachment":[{"href":"https:\/\/agora.xtec.cat\/iesmontbui\/wp-json\/wp\/v2\/media?parent=9080"}],"wp:term":[{"taxonomy":"category","embeddable":true,"href":"https:\/\/agora.xtec.cat\/iesmontbui\/wp-json\/wp\/v2\/categories?post=9080"},{"taxonomy":"post_tag","embeddable":true,"href":"https:\/\/agora.xtec.cat\/iesmontbui\/wp-json\/wp\/v2\/tags?post=9080"}],"curies":[{"name":"wp","href":"https:\/\/api.w.org\/{rel}","templated":true}]}}