{"id":9072,"date":"2023-12-01T12:04:56","date_gmt":"2023-12-01T11:04:56","guid":{"rendered":"https:\/\/agora.xtec.cat\/iesmontbui\/?p=9072"},"modified":"2023-12-01T12:08:56","modified_gmt":"2023-12-01T11:08:56","slug":"busquem-les-millors-postals-de-nadal","status":"publish","type":"post","link":"https:\/\/agora.xtec.cat\/iesmontbui\/general\/busquem-les-millors-postals-de-nadal\/","title":{"rendered":"Busquem les millors postals de Nadal!"},"content":{"rendered":"<p>A partir del<strong> 5 de desembre, i fins el 15 de desembre,<\/strong> podeu participar en el tradicional concurs de postals de Nadal de l&#8217;institut. <span style=\"font-weight: 400;\">Cal indicar en quina categoria us presenteu:\u00a0<\/span><\/p>\n<p><span style=\"font-weight: 400;\">\u2219<\/span> <b>CATEGORIA A<\/b><span style=\"font-weight: 400;\"> : tots els alumnes de 1r i 2n d\u2019ESO\u00a0<\/span><\/p>\n<p><span style=\"font-weight: 400;\">\u2219 <\/span><strong>C<\/strong><b>ATEGORIA B:<\/b><span style=\"font-weight: 400;\"> tots els alumnes de 3r,4t, PFI i Batxillerat\u00a0<\/span><\/p>\n<p><span style=\"font-weight: 400;\">\u2219<\/span> <b>CATEGORIA P<\/b><span style=\"font-weight: 400;\"> (de professors): adre\u00e7at al professorat de l\u2019Institut\u00a0<\/span><\/p>\n<p><span style=\"font-weight: 400;\">\u2219 <\/span><b>DIGITAL:<\/b><span style=\"font-weight: 400;\"> per a tots els alumnes i professors<\/span><\/p>\n<p><b>Condicions del concurs i premis\u00a0<\/b><\/p>\n<p><span style=\"font-weight: 400;\">Cal entregar les postals amb el nom, cognom, curs i categoria <\/span><b>al darrere<\/b><span style=\"font-weight: 400;\">.\u00a0\u00a0<\/span><\/p>\n<p><span style=\"font-weight: 400;\">Ha de ser mida DIN-A5 <\/span><b>i no s\u2019ha d\u2019obrir<\/b> <span style=\"font-weight: 400;\">tipus llibret, ha de ser plana.\u00a0\u00a0<\/span><\/p>\n<p><b>Digitals:<\/b><span style=\"font-weight: 400;\"> Qualsevol mena d\u2019animaci\u00f3 de creaci\u00f3 pr\u00f2pia, de curta durada, amb imatges lliures, sense drets d\u2019autor o de Creative Commons, il\u00b7lustracions o imatges pr\u00f2pies. Si hi ha m\u00fasica, que tamb\u00e9 sigui de domini p\u00fablic. Amb una durada de 40 segons, m\u00e0xim 1 minut.\u00a0<\/span><\/p>\n<p><span style=\"font-weight: 400;\">Hi haur\u00e0 un premi per cada categoria.<\/span><\/p>\n<p><strong>Com les podeu fer arribar?\u00a0<\/strong><\/p>\n<p><span style=\"font-weight: 400;\">a) <\/span><b>En paper:<\/b><span style=\"font-weight: 400;\"> podeu deixar les postals a una caixa de consergeria.\u00a0\u00a0<\/span><\/p>\n<p><span style=\"font-weight: 400;\">b) <\/span><b>Digitals:<\/b><span style=\"font-weight: 400;\"> enviar-les per correu a <\/span><a href=\"mailto:nuria.marti@imontbui.org\"><span style=\"font-weight: 400;\">nuria.marti@imontbui.org <\/span><\/a><span style=\"font-weight: 400;\">\u00a0o <\/span><a href=\"mailto:claudia.juncosa@imontbui.org\"><span style=\"font-weight: 400;\">claudia.juncosa@imontbui.org<\/span><\/a><span style=\"font-weight: 400;\">, <\/span><a href=\"mailto:maria.morales@imontbui.org\"><span style=\"font-weight: 400;\">maria.morales@imontbui.org<\/span><\/a><span style=\"font-weight: 400;\">\u00a0 (indicant en l\u2019assumpte: POSTAL DE NADAL)<\/span><\/p>\n<p>Podeu consultar les bases fent clic en el seg\u00fcent enlla\u00e7: <a href=\"https:\/\/agora.xtec.cat\/iesmontbui\/general\/busquem-les-millors-postals-de-nadal\/attachment\/2023-bases-de-participacio-del-concurs-de-postals-de-nadal\/\" rel=\"attachment wp-att-9074\">2023 BASES DE PARTICIPACI\u00d3 DEL CONCURS DE POSTALS DE NADAL<\/a><\/p>\n","protected":false},"excerpt":{"rendered":"<p>A partir del 5 de desembre, i fins el 15 de desembre, podeu participar en el tradicional concurs de postals de Nadal de l&#8217;institut. Cal indicar en quina categoria us presenteu:\u00a0<br \/>\n\u2219 CATEGORIA A : tots els alumnes de 1r i 2n d\u2019ESO\u00a0<br \/>\n\u2219 CATEGORIA B: tots&hellip;  <a href=\"https:\/\/agora.xtec.cat\/iesmontbui\/general\/busquem-les-millors-postals-de-nadal\/\" title=\"Read Busquem les millors postals de Nadal!\">Llegeix m\u00e9s\u00bb<\/a><\/p>\n","protected":false},"author":66,"featured_media":7925,"comment_status":"open","ping_status":"closed","sticky":false,"template":"","format":"standard","meta":{"_bbp_topic_count":0,"_bbp_reply_count":0,"_bbp_total_topic_count":0,"_bbp_total_reply_count":0,"_bbp_voice_count":0,"_bbp_anonymous_reply_count":0,"_bbp_topic_count_hidden":0,"_bbp_reply_count_hidden":0,"_bbp_forum_subforum_count":0,"footnotes":""},"categories":[1,29],"tags":[458,457],"class_list":["post-9072","post","type-post","status-publish","format-standard","has-post-thumbnail","hentry","category-general","category-portada","tag-concurs-postals-nadal","tag-concurs-postals-nadal-2023"],"post_mailing_queue_ids":[],"_links":{"self":[{"href":"https:\/\/agora.xtec.cat\/iesmontbui\/wp-json\/wp\/v2\/posts\/9072","targetHints":{"allow":["GET"]}}],"collection":[{"href":"https:\/\/agora.xtec.cat\/iesmontbui\/wp-json\/wp\/v2\/posts"}],"about":[{"href":"https:\/\/agora.xtec.cat\/iesmontbui\/wp-json\/wp\/v2\/types\/post"}],"author":[{"embeddable":true,"href":"https:\/\/agora.xtec.cat\/iesmontbui\/wp-json\/wp\/v2\/users\/66"}],"replies":[{"embeddable":true,"href":"https:\/\/agora.xtec.cat\/iesmontbui\/wp-json\/wp\/v2\/comments?post=9072"}],"version-history":[{"count":5,"href":"https:\/\/agora.xtec.cat\/iesmontbui\/wp-json\/wp\/v2\/posts\/9072\/revisions"}],"predecessor-version":[{"id":9079,"href":"https:\/\/agora.xtec.cat\/iesmontbui\/wp-json\/wp\/v2\/posts\/9072\/revisions\/9079"}],"wp:featuredmedia":[{"embeddable":true,"href":"https:\/\/agora.xtec.cat\/iesmontbui\/wp-json\/wp\/v2\/media\/7925"}],"wp:attachment":[{"href":"https:\/\/agora.xtec.cat\/iesmontbui\/wp-json\/wp\/v2\/media?parent=9072"}],"wp:term":[{"taxonomy":"category","embeddable":true,"href":"https:\/\/agora.xtec.cat\/iesmontbui\/wp-json\/wp\/v2\/categories?post=9072"},{"taxonomy":"post_tag","embeddable":true,"href":"https:\/\/agora.xtec.cat\/iesmontbui\/wp-json\/wp\/v2\/tags?post=9072"}],"curies":[{"name":"wp","href":"https:\/\/api.w.org\/{rel}","templated":true}]}}