{"id":9035,"date":"2023-11-24T11:02:58","date_gmt":"2023-11-24T10:02:58","guid":{"rendered":"https:\/\/agora.xtec.cat\/iesmontbui\/?p=9035"},"modified":"2023-11-24T14:23:02","modified_gmt":"2023-11-24T13:23:02","slug":"mes-comerc-offline-i-menys-online","status":"publish","type":"post","link":"https:\/\/agora.xtec.cat\/iesmontbui\/batxillerat\/mes-comerc-offline-i-menys-online\/","title":{"rendered":"&#8216;Menys comer\u00e7 online i m\u00e9s offline&#8217;"},"content":{"rendered":"<p>L\u2019alumnat de la mat\u00e8ria d\u2019economia de Batxillerat ha dut a terme recentment un petit projecte per apropar el comer\u00e7 local al jovent de Montbui. Entre les activitats, s&#8217;ha dut a terme una xerrada per part de la Mar\u00eda Salazar i la Vanesa Beltra\u0144, presidenta i dinamitzadora de la Uni\u00f3 d&#8217;Establiments de Montbui (<a href=\"https:\/\/www.uemmontbui.com\/\">UEM)<\/a>, respectivament. Ambdues van explicar als alumnes la missi\u00f3 d\u2019aquesta associaci\u00f3 de comer\u00e7os i els establiments que hi formen part. Despr\u00e9s, vam fer un p\u00f2ster amb els avantatges i inconvenients del comer\u00e7 local i del digital.<\/p>\n<p><strong>Cartell impactant <\/strong><\/p>\n<p>Posteriorment, en grups de 3 o 4 alumnes, van situar tots els establiments adherits a la UEM en un pl\u00e0nol del municipi, classificats per sectors. I finalment, van elaborar un cartell per fomentar el comer\u00e7 local i de proximitat entre els joves. Pr\u00e8viament a la seva elaboraci\u00f3, va assistir a classe la professora d\u2019EVP N\u00faria Mart\u00ed, que va explicar com fer un cartell impactant i disruptiu.<\/p>\n<p>Com a agra\u00efment a l\u2019alumnat per la seva implicaci\u00f3 i bon fer, la UEM va lliurar a cadascun\/a d\u2019ells\/elles un val de 10\u20ac per gastar en algun comer\u00e7 del municipi. Fent aquest treball, l\u2019alumnat ha estat m\u00e9s conscient dels avantatges de la compra en local i ha trencat amb algunes de les creences a favor del comer\u00e7 virtual.<\/p>\n","protected":false},"excerpt":{"rendered":"<p>L\u2019alumnat de la mat\u00e8ria d\u2019economia de Batxillerat ha dut a terme recentment un petit projecte per apropar el comer\u00e7 local al jovent de Montbui. Entre les activitats, s&#8217;ha dut a terme una xerrada per part de la Mar\u00eda Salazar i la Vanesa Beltra\u0144, presidenta i&hellip;  <a href=\"https:\/\/agora.xtec.cat\/iesmontbui\/batxillerat\/mes-comerc-offline-i-menys-online\/\" title=\"Read &#8216;Menys comer\u00e7 online i m\u00e9s offline&#8217;\">Llegeix m\u00e9s\u00bb<\/a><\/p>\n","protected":false},"author":66,"featured_media":9039,"comment_status":"open","ping_status":"closed","sticky":false,"template":"","format":"standard","meta":{"_bbp_topic_count":0,"_bbp_reply_count":0,"_bbp_total_topic_count":0,"_bbp_total_reply_count":0,"_bbp_voice_count":0,"_bbp_anonymous_reply_count":0,"_bbp_topic_count_hidden":0,"_bbp_reply_count_hidden":0,"_bbp_forum_subforum_count":0,"footnotes":""},"categories":[8,29],"tags":[446,140,447],"class_list":["post-9035","post","type-post","status-publish","format-standard","has-post-thumbnail","hentry","category-batxillerat","category-portada","tag-comerc-local","tag-economia","tag-uem"],"post_mailing_queue_ids":[],"_links":{"self":[{"href":"https:\/\/agora.xtec.cat\/iesmontbui\/wp-json\/wp\/v2\/posts\/9035","targetHints":{"allow":["GET"]}}],"collection":[{"href":"https:\/\/agora.xtec.cat\/iesmontbui\/wp-json\/wp\/v2\/posts"}],"about":[{"href":"https:\/\/agora.xtec.cat\/iesmontbui\/wp-json\/wp\/v2\/types\/post"}],"author":[{"embeddable":true,"href":"https:\/\/agora.xtec.cat\/iesmontbui\/wp-json\/wp\/v2\/users\/66"}],"replies":[{"embeddable":true,"href":"https:\/\/agora.xtec.cat\/iesmontbui\/wp-json\/wp\/v2\/comments?post=9035"}],"version-history":[{"count":4,"href":"https:\/\/agora.xtec.cat\/iesmontbui\/wp-json\/wp\/v2\/posts\/9035\/revisions"}],"predecessor-version":[{"id":9040,"href":"https:\/\/agora.xtec.cat\/iesmontbui\/wp-json\/wp\/v2\/posts\/9035\/revisions\/9040"}],"wp:featuredmedia":[{"embeddable":true,"href":"https:\/\/agora.xtec.cat\/iesmontbui\/wp-json\/wp\/v2\/media\/9039"}],"wp:attachment":[{"href":"https:\/\/agora.xtec.cat\/iesmontbui\/wp-json\/wp\/v2\/media?parent=9035"}],"wp:term":[{"taxonomy":"category","embeddable":true,"href":"https:\/\/agora.xtec.cat\/iesmontbui\/wp-json\/wp\/v2\/categories?post=9035"},{"taxonomy":"post_tag","embeddable":true,"href":"https:\/\/agora.xtec.cat\/iesmontbui\/wp-json\/wp\/v2\/tags?post=9035"}],"curies":[{"name":"wp","href":"https:\/\/api.w.org\/{rel}","templated":true}]}}