{"id":9031,"date":"2023-11-24T14:30:10","date_gmt":"2023-11-24T13:30:10","guid":{"rendered":"https:\/\/agora.xtec.cat\/iesmontbui\/?p=9031"},"modified":"2023-11-24T15:02:02","modified_gmt":"2023-11-24T14:02:02","slug":"linstitut-clama-contra-la-violencia-envers-les-dones","status":"publish","type":"post","link":"https:\/\/agora.xtec.cat\/iesmontbui\/general\/linstitut-clama-contra-la-violencia-envers-les-dones\/","title":{"rendered":"L&#8217;institut clama contra la viol\u00e8ncia envers les dones"},"content":{"rendered":"<p>En motiu del Dia internacional per a l&#8217;eliminaci\u00f3 la viol\u00e8ncia contra les dones -que se celebra aquest dissabte 25 de novembre-, aquest divendres l&#8217;institut ha reivindicat aquesta jornada amb la lectura d&#8217;un manifest elaborat per l&#8217;alumnat de primer de Batxillerat i que podeu llegir aqu\u00ed:<\/p>\n<p><a href=\"https:\/\/agora.xtec.cat\/iesmontbui\/general\/linstitut-clama-contra-la-violencia-envers-les-dones\/attachment\/manifest-25-batxillerat-a_b\/\" rel=\"attachment wp-att-9032\">Manifest 25-N Dia Internacional contra la viol\u00e8ncia 2023<\/a><\/p>\n<p>D&#8217;aquesta manera, els diversos delegats de tercer i quart d&#8217;ESO, de Batxillerat i de PFI han llegit aquest text als seus companys i companyes que cursen dos nivells inferiors. El text ha versat entorn al concepte de viol\u00e8ncia de g\u00e8nere i ha posat de relleu les xifres de feminicidis que van tenir lloc en el darrer 2022. A m\u00e9s, tamb\u00e9 ha posat l&#8217;accent en la import\u00e0ncia del Punt Lila.<\/p>\n<p><strong>Perfils de dones que han mort a mans d&#8217;homes\u00a0<\/strong><\/p>\n<p>D&#8217;altra banda, durant aquesta setmana a l&#8217;institut s&#8217;han realitzat diverses activitats relacionades amb la tem\u00e0tica. En aquest sentit,<span style=\"color: #202122; font-family: arial, sans-serif;\"> l&#8217;alumnat de 1r, 2n, 3r, 4t d&#8217;ESO i PFI ha dut a terme una activitat art\u00edstica i d&#8217;impacte visual,<\/span>\u00a0la\u00a0creaci\u00f3 de diferents perfils de cares de dones que fan refer\u00e8ncia a totes les dones que han mort, fins a la data, a Espanya en mans d&#8217;homes. Aquests perfils estan penjats al passad\u00eds de la planta baixa del centre.<\/p>\n","protected":false},"excerpt":{"rendered":"<p>En motiu del Dia internacional per a l&#8217;eliminaci\u00f3 la viol\u00e8ncia contra les dones -que se celebra aquest dissabte 25 de novembre-, aquest divendres l&#8217;institut ha reivindicat aquesta jornada amb la lectura d&#8217;un manifest elaborat per l&#8217;alumnat de primer de Batxillerat i que podeu llegir aqu\u00ed:<br \/>\n<a&hellip;  <a href=\"https:\/\/agora.xtec.cat\/iesmontbui\/general\/linstitut-clama-contra-la-violencia-envers-les-dones\/\" title=\"Read L&#8217;institut clama contra la viol\u00e8ncia envers les dones\">Llegeix m\u00e9s\u00bb<\/a><\/p>\n","protected":false},"author":66,"featured_media":9043,"comment_status":"open","ping_status":"closed","sticky":false,"template":"","format":"standard","meta":{"_bbp_topic_count":0,"_bbp_reply_count":0,"_bbp_total_topic_count":0,"_bbp_total_reply_count":0,"_bbp_voice_count":0,"_bbp_anonymous_reply_count":0,"_bbp_topic_count_hidden":0,"_bbp_reply_count_hidden":0,"_bbp_forum_subforum_count":0,"footnotes":""},"categories":[1,29],"tags":[444,445],"class_list":["post-9031","post","type-post","status-publish","format-standard","has-post-thumbnail","hentry","category-general","category-portada","tag-dia-internacional-violencia-envers-les-dones-2023","tag-manifest-25n-2023"],"post_mailing_queue_ids":[],"_links":{"self":[{"href":"https:\/\/agora.xtec.cat\/iesmontbui\/wp-json\/wp\/v2\/posts\/9031","targetHints":{"allow":["GET"]}}],"collection":[{"href":"https:\/\/agora.xtec.cat\/iesmontbui\/wp-json\/wp\/v2\/posts"}],"about":[{"href":"https:\/\/agora.xtec.cat\/iesmontbui\/wp-json\/wp\/v2\/types\/post"}],"author":[{"embeddable":true,"href":"https:\/\/agora.xtec.cat\/iesmontbui\/wp-json\/wp\/v2\/users\/66"}],"replies":[{"embeddable":true,"href":"https:\/\/agora.xtec.cat\/iesmontbui\/wp-json\/wp\/v2\/comments?post=9031"}],"version-history":[{"count":5,"href":"https:\/\/agora.xtec.cat\/iesmontbui\/wp-json\/wp\/v2\/posts\/9031\/revisions"}],"predecessor-version":[{"id":9044,"href":"https:\/\/agora.xtec.cat\/iesmontbui\/wp-json\/wp\/v2\/posts\/9031\/revisions\/9044"}],"wp:featuredmedia":[{"embeddable":true,"href":"https:\/\/agora.xtec.cat\/iesmontbui\/wp-json\/wp\/v2\/media\/9043"}],"wp:attachment":[{"href":"https:\/\/agora.xtec.cat\/iesmontbui\/wp-json\/wp\/v2\/media?parent=9031"}],"wp:term":[{"taxonomy":"category","embeddable":true,"href":"https:\/\/agora.xtec.cat\/iesmontbui\/wp-json\/wp\/v2\/categories?post=9031"},{"taxonomy":"post_tag","embeddable":true,"href":"https:\/\/agora.xtec.cat\/iesmontbui\/wp-json\/wp\/v2\/tags?post=9031"}],"curies":[{"name":"wp","href":"https:\/\/api.w.org\/{rel}","templated":true}]}}