{"id":9012,"date":"2023-11-21T09:39:37","date_gmt":"2023-11-21T08:39:37","guid":{"rendered":"https:\/\/agora.xtec.cat\/iesmontbui\/?p=9012"},"modified":"2023-11-21T09:39:52","modified_gmt":"2023-11-21T08:39:52","slug":"sortida-amb-bicicleta-pedals-i-diversio","status":"publish","type":"post","link":"https:\/\/agora.xtec.cat\/iesmontbui\/eso\/eso-1\/sortida-amb-bicicleta-pedals-i-diversio\/","title":{"rendered":"Sortida amb bicicleta: pedals i diversi\u00f3!"},"content":{"rendered":"<p>L&#8217;institut Montbui va organitzar el passat dilluns 20 de novembre una sortida amb bicicleta en la qual van participar 11 alumnes de primer i segon d&#8217;ESO. L&#8217;activitat va ser un \u00e8xit rotund, amb una bona participaci\u00f3 i un ambient de molta diversi\u00f3. El recorregut va transc\u00f3rrer per camins i carreteres tranquil\u00b7les de la comarca de l&#8217;Anoia, on els participants van poder gaudir de la natura i del bon temps.<\/p>\n<p>Els professors i organitzadors de la sortida estan molt satisfets amb el resultat. Afirmen que ha estat una gran oportunitat per a tot l&#8217;laumnat de practicar activitat f\u00edsica, gaudir de la natura i passar un dia de diversi\u00f3 en companyia dels seus companys i companyes.<\/p>\n<p>&nbsp;<\/p>\n","protected":false},"excerpt":{"rendered":"<p>L&#8217;institut Montbui va organitzar el passat dilluns 20 de novembre una sortida amb bicicleta en la qual van participar 11 alumnes de primer i segon d&#8217;ESO. L&#8217;activitat va ser un \u00e8xit rotund, amb una bona participaci\u00f3 i un ambient de molta diversi\u00f3. El recorregut va&hellip;  <a href=\"https:\/\/agora.xtec.cat\/iesmontbui\/eso\/eso-1\/sortida-amb-bicicleta-pedals-i-diversio\/\" title=\"Read Sortida amb bicicleta: pedals i diversi\u00f3!\">Llegeix m\u00e9s\u00bb<\/a><\/p>\n","protected":false},"author":66,"featured_media":9013,"comment_status":"open","ping_status":"closed","sticky":false,"template":"","format":"standard","meta":{"_bbp_topic_count":0,"_bbp_reply_count":0,"_bbp_total_topic_count":0,"_bbp_total_reply_count":0,"_bbp_voice_count":0,"_bbp_anonymous_reply_count":0,"_bbp_topic_count_hidden":0,"_bbp_reply_count_hidden":0,"_bbp_forum_subforum_count":0,"footnotes":""},"categories":[4,5,29],"tags":[440,427],"class_list":["post-9012","post","type-post","status-publish","format-standard","has-post-thumbnail","hentry","category-eso-1","category-eso-2","category-portada","tag-anoia","tag-sortida-amb-bicicleta"],"post_mailing_queue_ids":[],"_links":{"self":[{"href":"https:\/\/agora.xtec.cat\/iesmontbui\/wp-json\/wp\/v2\/posts\/9012","targetHints":{"allow":["GET"]}}],"collection":[{"href":"https:\/\/agora.xtec.cat\/iesmontbui\/wp-json\/wp\/v2\/posts"}],"about":[{"href":"https:\/\/agora.xtec.cat\/iesmontbui\/wp-json\/wp\/v2\/types\/post"}],"author":[{"embeddable":true,"href":"https:\/\/agora.xtec.cat\/iesmontbui\/wp-json\/wp\/v2\/users\/66"}],"replies":[{"embeddable":true,"href":"https:\/\/agora.xtec.cat\/iesmontbui\/wp-json\/wp\/v2\/comments?post=9012"}],"version-history":[{"count":1,"href":"https:\/\/agora.xtec.cat\/iesmontbui\/wp-json\/wp\/v2\/posts\/9012\/revisions"}],"predecessor-version":[{"id":9014,"href":"https:\/\/agora.xtec.cat\/iesmontbui\/wp-json\/wp\/v2\/posts\/9012\/revisions\/9014"}],"wp:featuredmedia":[{"embeddable":true,"href":"https:\/\/agora.xtec.cat\/iesmontbui\/wp-json\/wp\/v2\/media\/9013"}],"wp:attachment":[{"href":"https:\/\/agora.xtec.cat\/iesmontbui\/wp-json\/wp\/v2\/media?parent=9012"}],"wp:term":[{"taxonomy":"category","embeddable":true,"href":"https:\/\/agora.xtec.cat\/iesmontbui\/wp-json\/wp\/v2\/categories?post=9012"},{"taxonomy":"post_tag","embeddable":true,"href":"https:\/\/agora.xtec.cat\/iesmontbui\/wp-json\/wp\/v2\/tags?post=9012"}],"curies":[{"name":"wp","href":"https:\/\/api.w.org\/{rel}","templated":true}]}}