{"id":8993,"date":"2023-11-17T09:45:41","date_gmt":"2023-11-17T08:45:41","guid":{"rendered":"https:\/\/agora.xtec.cat\/iesmontbui\/?p=8993"},"modified":"2024-03-20T12:03:56","modified_gmt":"2024-03-20T11:03:56","slug":"encomana-en-catala-al-mercat","status":"publish","type":"post","link":"https:\/\/agora.xtec.cat\/iesmontbui\/general\/encomana-en-catala-al-mercat\/","title":{"rendered":"Encomana en catal\u00e0&#8230; al Mercat!"},"content":{"rendered":"<p>L\u2019alumnat d\u2019Aula d\u2019Acollida va visitar ahir dijous el Mercat de la Masuca d&#8217;Igualada. L&#8217;objectiu era practicar tot el vocabulari treballat a classe sobre les botigues, els aliments i la interacci\u00f3 en llengua catalana. Amb l\u2019objectiu de desenvolupar aquestes estrat\u00e8gies comunicatives, els nois i noies van fer una gimcana en la qual havien de con\u00e8ixer els diferents productes que els botiguers tenien a la venda i poder elaborar un cat\u00e0leg de les diferents mercaderies que hi podem trobar.<\/p>\n<p>Gr\u00e0cies a tot l\u2019anteriorment descrit, l\u2019alumnat pot con\u00e8ixer un indret en el que practicar la llengua catalana i descobrir el comer\u00e7 de proximitat en una realitat propera a ells i elles.<\/p>\n","protected":false},"excerpt":{"rendered":"<p>L\u2019alumnat d\u2019Aula d\u2019Acollida va visitar ahir dijous el Mercat de la Masuca d&#8217;Igualada. L&#8217;objectiu era practicar tot el vocabulari treballat a classe sobre les botigues, els aliments i la interacci\u00f3 en llengua catalana. Amb l\u2019objectiu de desenvolupar aquestes estrat\u00e8gies comunicatives, els nois i noies van&hellip;  <a href=\"https:\/\/agora.xtec.cat\/iesmontbui\/general\/encomana-en-catala-al-mercat\/\" title=\"Read Encomana en catal\u00e0&#8230; al Mercat!\">Llegeix m\u00e9s\u00bb<\/a><\/p>\n","protected":false},"author":66,"featured_media":8994,"comment_status":"open","ping_status":"closed","sticky":false,"template":"","format":"standard","meta":{"_bbp_topic_count":0,"_bbp_reply_count":0,"_bbp_total_topic_count":0,"_bbp_total_reply_count":0,"_bbp_voice_count":0,"_bbp_anonymous_reply_count":0,"_bbp_topic_count_hidden":0,"_bbp_reply_count_hidden":0,"_bbp_forum_subforum_count":0,"footnotes":""},"categories":[1,29],"tags":[435,436],"class_list":["post-8993","post","type-post","status-publish","format-standard","has-post-thumbnail","hentry","category-general","category-portada","tag-aula-dacollida","tag-mercat-de-la-masuca"],"post_mailing_queue_ids":[],"_links":{"self":[{"href":"https:\/\/agora.xtec.cat\/iesmontbui\/wp-json\/wp\/v2\/posts\/8993","targetHints":{"allow":["GET"]}}],"collection":[{"href":"https:\/\/agora.xtec.cat\/iesmontbui\/wp-json\/wp\/v2\/posts"}],"about":[{"href":"https:\/\/agora.xtec.cat\/iesmontbui\/wp-json\/wp\/v2\/types\/post"}],"author":[{"embeddable":true,"href":"https:\/\/agora.xtec.cat\/iesmontbui\/wp-json\/wp\/v2\/users\/66"}],"replies":[{"embeddable":true,"href":"https:\/\/agora.xtec.cat\/iesmontbui\/wp-json\/wp\/v2\/comments?post=8993"}],"version-history":[{"count":2,"href":"https:\/\/agora.xtec.cat\/iesmontbui\/wp-json\/wp\/v2\/posts\/8993\/revisions"}],"predecessor-version":[{"id":9691,"href":"https:\/\/agora.xtec.cat\/iesmontbui\/wp-json\/wp\/v2\/posts\/8993\/revisions\/9691"}],"wp:featuredmedia":[{"embeddable":true,"href":"https:\/\/agora.xtec.cat\/iesmontbui\/wp-json\/wp\/v2\/media\/8994"}],"wp:attachment":[{"href":"https:\/\/agora.xtec.cat\/iesmontbui\/wp-json\/wp\/v2\/media?parent=8993"}],"wp:term":[{"taxonomy":"category","embeddable":true,"href":"https:\/\/agora.xtec.cat\/iesmontbui\/wp-json\/wp\/v2\/categories?post=8993"},{"taxonomy":"post_tag","embeddable":true,"href":"https:\/\/agora.xtec.cat\/iesmontbui\/wp-json\/wp\/v2\/tags?post=8993"}],"curies":[{"name":"wp","href":"https:\/\/api.w.org\/{rel}","templated":true}]}}