{"id":895,"date":"2016-11-06T20:00:34","date_gmt":"2016-11-06T19:00:34","guid":{"rendered":"http:\/\/agora.xtec.cat\/iesmontbui\/?p=895"},"modified":"2017-08-31T18:16:43","modified_gmt":"2017-08-31T16:16:43","slug":"20e-anniversari-de-linstitut-montbui","status":"publish","type":"post","link":"https:\/\/agora.xtec.cat\/iesmontbui\/general\/20e-anniversari-de-linstitut-montbui\/","title":{"rendered":"20\u00e8 aniversari de l\u00b4Institut Montbui"},"content":{"rendered":"<p>L&#8217;Institut Montbui ha comen\u00e7at els actes de celebraci\u00f3 del 20\u00e8 aniversari amb una trobada de membres de la comunitat educativa, convidant professors, PASS, fam\u00edlies i alumnes que han passat pel centre durant tots aquests anys.<\/p>\n<div class=\"page\" title=\"Page 1\">\n<div class=\"layoutArea\">\n<div class=\"column\">\n<p>El motiu que marcava aquest primer acte del diferents que es faran, era recordar com de dif\u00edcils van ser els inicis de l&#8217;institut, per aix\u00f2 es va obrir amb una taula rodona en la que participaren diferents membres de la comunitat implicats en la posada en marxa de l&#8217;institut.<\/p>\n<p>La primera presidenta de l&#8217;AMPA, la Luc\u00eda, va comen\u00e7ar, convidada pel moderador, Mag\u00ed Badia, a explicar la reivindicaci\u00f3 dels pares, amb tota la comunitat al darrere, per a qu\u00e8 es fes un institut a la localitat. Li agaf\u00e0 la paraula l&#8217;alcalde Montbui, Teo Romero, que va destacar com el poble havia emp\u00e8s amb l&#8217;ajuntament al davant per a qu\u00e8 la Generalitat de Catalunya fes l&#8217;institut. L&#8217;aleshores inspector, Carles Enrich, va detallar la dif\u00edcil negociaci\u00f3 per a fer l&#8217;institut on hi havia l&#8217;escola Sant Maure-reordenant les escoles de prim\u00e0ria- i aix\u00ed no haver d&#8217;esperar el temps que hagu\u00e9s calgut per una obra de nova execuci\u00f3. A continuaci\u00f3 el Juli Lago, director del Sant Maure, va expressar com n&#8217;havia estat de dif\u00edcil per al seu claustre acceptar la desaparici\u00f3 de l&#8217;escola per donar pas a l&#8217;institut. Amb la intervenci\u00f3 del primer director, Francesc Climent, va quedar clara la il\u00b7lusi\u00f3 que van posar en el nou projecte. Van convenir amb el Juli que de seguida es va encomanar aquesta il\u00b7lusi\u00f3 a tota la comunitat educativa i finalment amb les obres d&#8217;ampliaci\u00f3 es va consolidar el projecte de nou institut per donar igualtat d&#8217;oportunitats als joves montbuiencs. La intervenci\u00f3 d&#8217;un dels alumnes de les primeres promocions, Cristian P\u00e9rez, va deixar clar com agra\u00efa a l&#8217;institut la seva formaci\u00f3 per una brillant carrera professional que est\u00e0 duent a terme. Els bons records, per damunt les dificultats van ser la conclusi\u00f3 a qu\u00e8 van arribar tots els participants. Va tancar l&#8217;acte la directora, Montserrat Costa, amb un agra\u00efment i un desig d&#8217;il\u00b7lusi\u00f3 per continuar amb l&#8217;educaci\u00f3 per a tothom, compartint futur i compromesos amb la innovaci\u00f3. Van amenitzar el brindis final les intervencions musicals d&#8217;alumnes i la coral de l&#8217;institut.<\/p>\n<\/div>\n<\/div>\n<\/div>\n<p><a href=\"http:\/\/agora.xtec.cat\/iesmontbui\/wp-content\/uploads\/usu145\/2016\/11\/14707023_914755448658732_3925281689505891464_o2.jpg\"><img loading=\"lazy\" decoding=\"async\" class=\"alignnone size-large wp-image-898\" src=\"http:\/\/agora.xtec.cat\/iesmontbui\/wp-content\/uploads\/usu145\/2016\/11\/14707023_914755448658732_3925281689505891464_o2-1024x680.jpg\" alt=\"14707023_914755448658732_3925281689505891464_o2\" width=\"1024\" height=\"680\" srcset=\"https:\/\/agora.xtec.cat\/iesmontbui\/wp-content\/uploads\/usu145\/2016\/11\/14707023_914755448658732_3925281689505891464_o2-1024x680.jpg 1024w, https:\/\/agora.xtec.cat\/iesmontbui\/wp-content\/uploads\/usu145\/2016\/11\/14707023_914755448658732_3925281689505891464_o2-300x199.jpg 300w, https:\/\/agora.xtec.cat\/iesmontbui\/wp-content\/uploads\/usu145\/2016\/11\/14707023_914755448658732_3925281689505891464_o2-768x510.jpg 768w, https:\/\/agora.xtec.cat\/iesmontbui\/wp-content\/uploads\/usu145\/2016\/11\/14707023_914755448658732_3925281689505891464_o2.jpg 2048w\" sizes=\"auto, (max-width: 1024px) 100vw, 1024px\" \/><\/a> <a href=\"http:\/\/agora.xtec.cat\/iesmontbui\/wp-content\/uploads\/usu145\/2016\/11\/14859756_914744841993126_8230415458591194216_o1.jpg\"><img loading=\"lazy\" decoding=\"async\" class=\"alignnone size-large wp-image-899\" src=\"http:\/\/agora.xtec.cat\/iesmontbui\/wp-content\/uploads\/usu145\/2016\/11\/14859756_914744841993126_8230415458591194216_o1-1024x680.jpg\" alt=\"14859756_914744841993126_8230415458591194216_o1\" width=\"1024\" height=\"680\" srcset=\"https:\/\/agora.xtec.cat\/iesmontbui\/wp-content\/uploads\/usu145\/2016\/11\/14859756_914744841993126_8230415458591194216_o1-1024x680.jpg 1024w, https:\/\/agora.xtec.cat\/iesmontbui\/wp-content\/uploads\/usu145\/2016\/11\/14859756_914744841993126_8230415458591194216_o1-300x199.jpg 300w, https:\/\/agora.xtec.cat\/iesmontbui\/wp-content\/uploads\/usu145\/2016\/11\/14859756_914744841993126_8230415458591194216_o1-768x510.jpg 768w, https:\/\/agora.xtec.cat\/iesmontbui\/wp-content\/uploads\/usu145\/2016\/11\/14859756_914744841993126_8230415458591194216_o1.jpg 2048w\" sizes=\"auto, (max-width: 1024px) 100vw, 1024px\" \/><\/a> <a href=\"http:\/\/agora.xtec.cat\/iesmontbui\/wp-content\/uploads\/usu145\/2016\/11\/14876517_914753798658897_3454357297243070974_o.jpg\"><img loading=\"lazy\" decoding=\"async\" class=\"alignnone size-large wp-image-900\" src=\"http:\/\/agora.xtec.cat\/iesmontbui\/wp-content\/uploads\/usu145\/2016\/11\/14876517_914753798658897_3454357297243070974_o-1024x680.jpg\" alt=\"14876517_914753798658897_3454357297243070974_o\" width=\"1024\" height=\"680\" srcset=\"https:\/\/agora.xtec.cat\/iesmontbui\/wp-content\/uploads\/usu145\/2016\/11\/14876517_914753798658897_3454357297243070974_o-1024x680.jpg 1024w, https:\/\/agora.xtec.cat\/iesmontbui\/wp-content\/uploads\/usu145\/2016\/11\/14876517_914753798658897_3454357297243070974_o-300x199.jpg 300w, https:\/\/agora.xtec.cat\/iesmontbui\/wp-content\/uploads\/usu145\/2016\/11\/14876517_914753798658897_3454357297243070974_o-768x510.jpg 768w, https:\/\/agora.xtec.cat\/iesmontbui\/wp-content\/uploads\/usu145\/2016\/11\/14876517_914753798658897_3454357297243070974_o.jpg 2048w\" sizes=\"auto, (max-width: 1024px) 100vw, 1024px\" \/><\/a> <a href=\"http:\/\/agora.xtec.cat\/iesmontbui\/wp-content\/uploads\/usu145\/2016\/11\/14876676_914752338659043_1245671764253799727_o.jpg\"><img loading=\"lazy\" decoding=\"async\" class=\"alignnone size-large wp-image-901\" src=\"http:\/\/agora.xtec.cat\/iesmontbui\/wp-content\/uploads\/usu145\/2016\/11\/14876676_914752338659043_1245671764253799727_o-1024x680.jpg\" alt=\"14876676_914752338659043_1245671764253799727_o\" width=\"1024\" height=\"680\" srcset=\"https:\/\/agora.xtec.cat\/iesmontbui\/wp-content\/uploads\/usu145\/2016\/11\/14876676_914752338659043_1245671764253799727_o-1024x680.jpg 1024w, https:\/\/agora.xtec.cat\/iesmontbui\/wp-content\/uploads\/usu145\/2016\/11\/14876676_914752338659043_1245671764253799727_o-300x199.jpg 300w, https:\/\/agora.xtec.cat\/iesmontbui\/wp-content\/uploads\/usu145\/2016\/11\/14876676_914752338659043_1245671764253799727_o-768x510.jpg 768w, https:\/\/agora.xtec.cat\/iesmontbui\/wp-content\/uploads\/usu145\/2016\/11\/14876676_914752338659043_1245671764253799727_o.jpg 2048w\" sizes=\"auto, (max-width: 1024px) 100vw, 1024px\" \/><\/a> <a href=\"http:\/\/agora.xtec.cat\/iesmontbui\/wp-content\/uploads\/usu145\/2016\/11\/14876690_914736535327290_7415336743344131979_o.jpg\"><img loading=\"lazy\" decoding=\"async\" class=\"alignnone size-large wp-image-902\" src=\"http:\/\/agora.xtec.cat\/iesmontbui\/wp-content\/uploads\/usu145\/2016\/11\/14876690_914736535327290_7415336743344131979_o-1024x680.jpg\" alt=\"14876690_914736535327290_7415336743344131979_o\" width=\"1024\" height=\"680\" srcset=\"https:\/\/agora.xtec.cat\/iesmontbui\/wp-content\/uploads\/usu145\/2016\/11\/14876690_914736535327290_7415336743344131979_o-1024x680.jpg 1024w, https:\/\/agora.xtec.cat\/iesmontbui\/wp-content\/uploads\/usu145\/2016\/11\/14876690_914736535327290_7415336743344131979_o-300x199.jpg 300w, https:\/\/agora.xtec.cat\/iesmontbui\/wp-content\/uploads\/usu145\/2016\/11\/14876690_914736535327290_7415336743344131979_o-768x510.jpg 768w, https:\/\/agora.xtec.cat\/iesmontbui\/wp-content\/uploads\/usu145\/2016\/11\/14876690_914736535327290_7415336743344131979_o.jpg 2048w\" sizes=\"auto, (max-width: 1024px) 100vw, 1024px\" \/><\/a> <a href=\"http:\/\/agora.xtec.cat\/iesmontbui\/wp-content\/uploads\/usu145\/2016\/11\/14890563_914734048660872_2550187970929959820_o.jpg\"><img loading=\"lazy\" decoding=\"async\" class=\"alignnone size-large wp-image-903\" src=\"http:\/\/agora.xtec.cat\/iesmontbui\/wp-content\/uploads\/usu145\/2016\/11\/14890563_914734048660872_2550187970929959820_o-1024x680.jpg\" alt=\"14890563_914734048660872_2550187970929959820_o\" width=\"1024\" height=\"680\" srcset=\"https:\/\/agora.xtec.cat\/iesmontbui\/wp-content\/uploads\/usu145\/2016\/11\/14890563_914734048660872_2550187970929959820_o-1024x680.jpg 1024w, https:\/\/agora.xtec.cat\/iesmontbui\/wp-content\/uploads\/usu145\/2016\/11\/14890563_914734048660872_2550187970929959820_o-300x199.jpg 300w, https:\/\/agora.xtec.cat\/iesmontbui\/wp-content\/uploads\/usu145\/2016\/11\/14890563_914734048660872_2550187970929959820_o-768x510.jpg 768w, https:\/\/agora.xtec.cat\/iesmontbui\/wp-content\/uploads\/usu145\/2016\/11\/14890563_914734048660872_2550187970929959820_o.jpg 2048w\" sizes=\"auto, (max-width: 1024px) 100vw, 1024px\" \/><\/a><\/p>\n<p><a href=\"http:\/\/agora.xtec.cat\/iesmontbui\/wp-content\/uploads\/usu145\/2016\/11\/14570667_913226238811653_6727193876042643518_o.jpg\"><img loading=\"lazy\" decoding=\"async\" class=\"alignnone size-large wp-image-897\" src=\"http:\/\/agora.xtec.cat\/iesmontbui\/wp-content\/uploads\/usu145\/2016\/11\/14570667_913226238811653_6727193876042643518_o-1024x680.jpg\" alt=\"14570667_913226238811653_6727193876042643518_o\" width=\"1024\" height=\"680\" srcset=\"https:\/\/agora.xtec.cat\/iesmontbui\/wp-content\/uploads\/usu145\/2016\/11\/14570667_913226238811653_6727193876042643518_o-1024x680.jpg 1024w, https:\/\/agora.xtec.cat\/iesmontbui\/wp-content\/uploads\/usu145\/2016\/11\/14570667_913226238811653_6727193876042643518_o-300x199.jpg 300w, https:\/\/agora.xtec.cat\/iesmontbui\/wp-content\/uploads\/usu145\/2016\/11\/14570667_913226238811653_6727193876042643518_o-768x510.jpg 768w, https:\/\/agora.xtec.cat\/iesmontbui\/wp-content\/uploads\/usu145\/2016\/11\/14570667_913226238811653_6727193876042643518_o.jpg 2048w\" sizes=\"auto, (max-width: 1024px) 100vw, 1024px\" \/><\/a><\/p>\n<p>&nbsp;<\/p>\n","protected":false},"excerpt":{"rendered":"<p>L&#8217;Institut Montbui ha comen\u00e7at els actes de celebraci\u00f3 del 20\u00e8 aniversari amb una trobada de membres de la comunitat educativa, convidant professors, PASS, fam\u00edlies i alumnes que han passat pel centre durant tots aquests anys.<\/p>\n<p>El motiu que marcava aquest primer acte del diferents que es&hellip;  <a href=\"https:\/\/agora.xtec.cat\/iesmontbui\/general\/20e-anniversari-de-linstitut-montbui\/\" title=\"Read 20\u00e8 aniversari de l\u00b4Institut Montbui\">Llegeix m\u00e9s\u00bb<\/a><\/p>\n","protected":false},"author":1,"featured_media":898,"comment_status":"open","ping_status":"closed","sticky":false,"template":"","format":"standard","meta":{"_bbp_topic_count":0,"_bbp_reply_count":0,"_bbp_total_topic_count":0,"_bbp_total_reply_count":0,"_bbp_voice_count":0,"_bbp_anonymous_reply_count":0,"_bbp_topic_count_hidden":0,"_bbp_reply_count_hidden":0,"_bbp_forum_subforum_count":0,"footnotes":""},"categories":[31,1,29],"tags":[],"class_list":["post-895","post","type-post","status-publish","format-standard","has-post-thumbnail","hentry","category-ampa","category-general","category-portada"],"post_mailing_queue_ids":[],"_links":{"self":[{"href":"https:\/\/agora.xtec.cat\/iesmontbui\/wp-json\/wp\/v2\/posts\/895","targetHints":{"allow":["GET"]}}],"collection":[{"href":"https:\/\/agora.xtec.cat\/iesmontbui\/wp-json\/wp\/v2\/posts"}],"about":[{"href":"https:\/\/agora.xtec.cat\/iesmontbui\/wp-json\/wp\/v2\/types\/post"}],"author":[{"embeddable":true,"href":"https:\/\/agora.xtec.cat\/iesmontbui\/wp-json\/wp\/v2\/users\/1"}],"replies":[{"embeddable":true,"href":"https:\/\/agora.xtec.cat\/iesmontbui\/wp-json\/wp\/v2\/comments?post=895"}],"version-history":[{"count":2,"href":"https:\/\/agora.xtec.cat\/iesmontbui\/wp-json\/wp\/v2\/posts\/895\/revisions"}],"predecessor-version":[{"id":978,"href":"https:\/\/agora.xtec.cat\/iesmontbui\/wp-json\/wp\/v2\/posts\/895\/revisions\/978"}],"wp:featuredmedia":[{"embeddable":true,"href":"https:\/\/agora.xtec.cat\/iesmontbui\/wp-json\/wp\/v2\/media\/898"}],"wp:attachment":[{"href":"https:\/\/agora.xtec.cat\/iesmontbui\/wp-json\/wp\/v2\/media?parent=895"}],"wp:term":[{"taxonomy":"category","embeddable":true,"href":"https:\/\/agora.xtec.cat\/iesmontbui\/wp-json\/wp\/v2\/categories?post=895"},{"taxonomy":"post_tag","embeddable":true,"href":"https:\/\/agora.xtec.cat\/iesmontbui\/wp-json\/wp\/v2\/tags?post=895"}],"curies":[{"name":"wp","href":"https:\/\/api.w.org\/{rel}","templated":true}]}}