{"id":8929,"date":"2023-11-02T14:28:02","date_gmt":"2023-11-02T13:28:02","guid":{"rendered":"https:\/\/agora.xtec.cat\/iesmontbui\/?p=8929"},"modified":"2023-11-22T09:50:29","modified_gmt":"2023-11-22T08:50:29","slug":"eleccions-al-consell-escolar-2023","status":"publish","type":"post","link":"https:\/\/agora.xtec.cat\/iesmontbui\/general\/eleccions-al-consell-escolar-2023\/","title":{"rendered":"Eleccions al Consell Escolar 2023"},"content":{"rendered":"<p>L&#8217;institut Montbui ha iniciat el proc\u00e9s d&#8217;eleccions al Consell Escolar, que tindran lloc aquest mes de novembre. En aquestes votacions es dur\u00e0 a terme la renovaci\u00f3 de la meitat dels membres, un proc\u00e9s que es duu a terme cada dos anys. En aquesta convocat\u00f2ria es renoven<strong> dos representants del professorat i un representant dels pares, mares i tutors legals d&#8217;alumnes.\u00a0<\/strong><\/p>\n<p>El professorat votar\u00e0 el<strong> dimarts 21 de novembre<\/strong> a les 15.30 hores; els pares i mares tamb\u00e9 el 21 de novembre, entre les 18 i les 20 hores. Els alumnes ho faran en les respectives aules, a partir de les 8 del mat\u00ed del<strong> dijous 23 de novembre.\u00a0<\/strong><\/p>\n<p><strong>Com es pot i fins quan es pot presentar candidatura?\u00a0<\/strong><\/p>\n<p>Per presentar la vostra candidatura s&#8217;ha de fer abans del <strong>15 de novembre<\/strong>. Per aix\u00f2, cal que ompliu amb les vostres dades el formulari que s&#8217;adjunta en l&#8217;enlla\u00e7 de sota, en format digital o en paper:<\/p>\n<p><a href=\"https:\/\/agora.xtec.cat\/iesmontbui\/general\/eleccions-al-consell-escolar-2023\/attachment\/document-de-presentacio-de-candidatura-per-a-la-renovacio-del-consell-escolar\/\" rel=\"attachment wp-att-8930\">Document de presentaci\u00f3 de candidatura per a la renovaci\u00f3 del Consell Escolar<\/a><\/p>\n<p>Tamb\u00e9 podeu trobar c\u00f2pies en paper a la consergeria del centre.<\/p>\n<p>Un cop omplert, es pot enviar digitalment per correu electr\u00f2nic (original, escanejat o fotografia) a secretaria@imontbui.org; o b\u00e9 entregar en paper a la secretaria del centre.<\/p>\n<p><strong>Qu\u00e8 \u00e9s el Consell Escolar?\u00a0<\/strong><\/p>\n<p>El Consell Escolar \u00e9s l<em>\u2019<\/em>\u00f2rgan de participaci\u00f3 de la comunitat escolar en el govern del centre. Hi estan representats tots els sectors implicats: fam\u00edlies, alumnat, professorat, personal d\u2019Administraci\u00f3 i Serveis, direcci\u00f3 i ajuntament del municipi.<\/p>\n<p>Les vacants del consell escolar s\u2019ocupen segons els resultats de les eleccions. Si un membre deixa el consell, passar\u00e0 a ocupar el seu lloc la seg\u00fcent candidatura m\u00e9s votada en les darreres eleccions. Si no hi ha m\u00e9s candidats per cobrir la pla\u00e7a, queda vacant fins a la propera renovaci\u00f3 del consell escolar.<\/p>\n<p><strong>Funcions del Consell Escolar<\/strong><\/p>\n<p>Corresponen al consell escolar les funcions seg\u00fcents:<\/p>\n<ul>\n<li>Aprovar el projecte educatiu i les modificacions corresponents per una majoria de tres cinquenes parts dels membres.<\/li>\n<li>Aprovar la programaci\u00f3 general anual del centre i avaluar-ne el desenvolupament i els resultats.<\/li>\n<li>Aprovar les propostes d\u2019acords de corresponsabilitat, convenis i altres acords de col\u00b7laboraci\u00f3 del centre amb entitats o institucions.<\/li>\n<li>Aprovar les normes d\u2019organitzaci\u00f3 i funcionament i les modificacions corresponents.<\/li>\n<li>Aprovar la carta de comprom\u00eds educatiu.<\/li>\n<li>Aprovar el pressupost del centre i el rendiment de comptes.<\/li>\n<li>Participar en el procediment de selecci\u00f3 i en la proposta de cessament del director o directora.<\/li>\n<li>Intervenir en la resoluci\u00f3 dels conflictes i, si escau, revisar les sancions als alumnes.<\/li>\n<li>Aprovar les directrius per a la programaci\u00f3 d\u2019activitats escolars complement\u00e0ries i d\u2019activitats extraescolars, i avaluar-ne el desenvolupament.<\/li>\n<li>Participar en les an\u00e0lisis i les avaluacions del funcionament general del centre i con\u00e8ixer l\u2019evoluci\u00f3 del rendiment escolar.<\/li>\n<li>Aprovar els criteris de col\u00b7laboraci\u00f3 amb altres centres i amb l\u2019entorn.<\/li>\n<li>Qualsevol altra que li sigui atribu\u00efda per les normes legals o reglament\u00e0ries.<\/li>\n<\/ul>\n<p>A nivell de tasques, comporta el comprom\u00eds de participaci\u00f3 de forma digital o presencial a les reunions del Consell Escolar, entre 4 i 5 al llarg de tot el curs. Generalment es realitzen dimarts o dimecres a les 19 hores.<\/p>\n<p><strong>Crida a la participaci\u00f3<\/strong><\/p>\n<p>Nom\u00e9s des d\u2019aquesta pluralitat de representaci\u00f3 (professorat, fam\u00edlies, alumnat, personal no docent i ajuntament) podem aconseguir un institut de qualitat, obert i dialogant que defensi una aut\u00e8ntica interacci\u00f3 per viure i conviure amb harmonia. \u00c9s per aix\u00f2 que us demanem la vostra participaci\u00f3, tant per a la presentaci\u00f3 de candidatures, com per venir a votar els i les vostres representants. Aquesta actuaci\u00f3 democr\u00e0tica \u00e9s bona per al funcionament de l\u2019institut i \u00e9s una actuaci\u00f3 exemplificadora per a les noves generacions.<\/p>\n","protected":false},"excerpt":{"rendered":"<p>L&#8217;institut Montbui ha iniciat el proc\u00e9s d&#8217;eleccions al Consell Escolar, que tindran lloc aquest mes de novembre. En aquestes votacions es dur\u00e0 a terme la renovaci\u00f3 de la meitat dels membres, un proc\u00e9s que es duu a terme cada dos anys. En aquesta convocat\u00f2ria es&hellip;  <a href=\"https:\/\/agora.xtec.cat\/iesmontbui\/general\/eleccions-al-consell-escolar-2023\/\" title=\"Read Eleccions al Consell Escolar 2023\">Llegeix m\u00e9s\u00bb<\/a><\/p>\n","protected":false},"author":66,"featured_media":8932,"comment_status":"open","ping_status":"closed","sticky":false,"template":"","format":"standard","meta":{"_bbp_topic_count":0,"_bbp_reply_count":0,"_bbp_total_topic_count":0,"_bbp_total_reply_count":0,"_bbp_voice_count":0,"_bbp_anonymous_reply_count":0,"_bbp_topic_count_hidden":0,"_bbp_reply_count_hidden":0,"_bbp_forum_subforum_count":0,"footnotes":""},"categories":[98,1,29],"tags":[418,416,417],"class_list":["post-8929","post","type-post","status-publish","format-standard","has-post-thumbnail","hentry","category-comunicats","category-general","category-portada","tag-consell-escolar","tag-eleccions-consell-escolar","tag-eleccions-consell-escolar-2023"],"post_mailing_queue_ids":[],"_links":{"self":[{"href":"https:\/\/agora.xtec.cat\/iesmontbui\/wp-json\/wp\/v2\/posts\/8929","targetHints":{"allow":["GET"]}}],"collection":[{"href":"https:\/\/agora.xtec.cat\/iesmontbui\/wp-json\/wp\/v2\/posts"}],"about":[{"href":"https:\/\/agora.xtec.cat\/iesmontbui\/wp-json\/wp\/v2\/types\/post"}],"author":[{"embeddable":true,"href":"https:\/\/agora.xtec.cat\/iesmontbui\/wp-json\/wp\/v2\/users\/66"}],"replies":[{"embeddable":true,"href":"https:\/\/agora.xtec.cat\/iesmontbui\/wp-json\/wp\/v2\/comments?post=8929"}],"version-history":[{"count":4,"href":"https:\/\/agora.xtec.cat\/iesmontbui\/wp-json\/wp\/v2\/posts\/8929\/revisions"}],"predecessor-version":[{"id":8935,"href":"https:\/\/agora.xtec.cat\/iesmontbui\/wp-json\/wp\/v2\/posts\/8929\/revisions\/8935"}],"wp:featuredmedia":[{"embeddable":true,"href":"https:\/\/agora.xtec.cat\/iesmontbui\/wp-json\/wp\/v2\/media\/8932"}],"wp:attachment":[{"href":"https:\/\/agora.xtec.cat\/iesmontbui\/wp-json\/wp\/v2\/media?parent=8929"}],"wp:term":[{"taxonomy":"category","embeddable":true,"href":"https:\/\/agora.xtec.cat\/iesmontbui\/wp-json\/wp\/v2\/categories?post=8929"},{"taxonomy":"post_tag","embeddable":true,"href":"https:\/\/agora.xtec.cat\/iesmontbui\/wp-json\/wp\/v2\/tags?post=8929"}],"curies":[{"name":"wp","href":"https:\/\/api.w.org\/{rel}","templated":true}]}}