{"id":8919,"date":"2023-10-31T15:49:39","date_gmt":"2023-10-31T14:49:39","guid":{"rendered":"https:\/\/agora.xtec.cat\/iesmontbui\/?p=8919"},"modified":"2023-10-31T16:29:21","modified_gmt":"2023-10-31T15:29:21","slug":"dia-de-castaween-a-linstitut","status":"publish","type":"post","link":"https:\/\/agora.xtec.cat\/iesmontbui\/portada\/dia-de-castaween-a-linstitut\/","title":{"rendered":"Dia de &#8216;Castaween&#8217; a l&#8217;institut"},"content":{"rendered":"<p>Disfresses&#8230; i castanyes. L&#8217;institut Montbui ha celebrat aquest dimarts, 31 d&#8217;octubre, la festa de la castanyada i de Halloween, el &#8220;Castaween&#8221;. Les diverses classes d&#8217;ESO i de PFI han baixat al pati en l&#8217;\u00faltima hora de classe per protagonitzar una desfilada de disfresses inspirades en aquesta festa &#8220;terror\u00edfica&#8221;.<\/p>\n<p><strong>Premis als m\u00e9s &#8220;terror\u00edfics&#8221;\u00a0<\/strong><\/p>\n<p>Durant el mat\u00ed, un jurat ha passat per les classes i han valorat quines havien estat les milllors classes decorades. Ja al pati, tamb\u00e9 ha pres nota de les millors interpretacions i disfresses grupals. Els premis per cada categoria han estat els seg\u00fcents:<\/p>\n<p><span style=\"font-weight: 400;\">&#8211; <\/span><b>La classe millor decorada de primer cicle: 1r ESO E. <\/b><span style=\"font-weight: 400;\">Premi d&#8217;un esmorzar per tota la classe<\/span><\/p>\n<p><span style=\"font-weight: 400;\">&#8211; <\/span><b>La classe millor decorada de segon cicle:\u00a0 4t B i 4t D. <\/b><span style=\"font-weight: 400;\">Premi d&#8217;un esmorzar per tota la classe<\/span><\/p>\n<p><span style=\"font-weight: 400;\">&#8211;<\/span><b> Interpretaci\u00f3-la millor disfressa grupal: <\/b><b>\u00a01r classificat: 4t ESO D: <\/b>p<span style=\"font-weight: 400;\">remi d&#8217;un esmorzar per tota la classe. 2n classificat: 3r ESO D, 3r classificat: 4t ESO C.<\/span><\/p>\n<p><span style=\"font-weight: 400;\">&#8211;<\/span><b style=\"font-family: inherit; font-size: 1em;\"> Interpretaci\u00f3-la millor disfressa individual. <\/b>Premi per a <span style=\"font-family: inherit; font-size: 1em;\"><strong>Mart\u00edn S\u00e1nchez<\/strong> (2n ESO C)<\/span><\/p>\n<p>A banda d&#8217;aquesta desfilada, durant el mat\u00ed s&#8217;han venut castanyes i croissants per recollir diners per la festa de final de curs i en qu\u00e8 hi han pres part activament l&#8217;alumnat i diverses fam\u00edlies.<\/p>\n<p>Trobareu els v\u00eddeos i m\u00e9s imatges al compte d&#8217;<a href=\"https:\/\/www.instagram.com\/institut_montbui\/\">Instagram<\/a> del centre.<\/p>\n<p>&nbsp;<\/p>\n<p>&nbsp;<\/p>\n","protected":false},"excerpt":{"rendered":"<p>Disfresses&#8230; i castanyes. L&#8217;institut Montbui ha celebrat aquest dimarts, 31 d&#8217;octubre, la festa de la castanyada i de Halloween, el &#8220;Castaween&#8221;. Les diverses classes d&#8217;ESO i de PFI han baixat al pati en l&#8217;\u00faltima hora de classe per protagonitzar una desfilada de disfresses inspirades en&hellip;  <a href=\"https:\/\/agora.xtec.cat\/iesmontbui\/portada\/dia-de-castaween-a-linstitut\/\" title=\"Read Dia de &#8216;Castaween&#8217; a l&#8217;institut\">Llegeix m\u00e9s\u00bb<\/a><\/p>\n","protected":false},"author":66,"featured_media":8922,"comment_status":"open","ping_status":"closed","sticky":false,"template":"","format":"standard","meta":{"_bbp_topic_count":0,"_bbp_reply_count":0,"_bbp_total_topic_count":0,"_bbp_total_reply_count":0,"_bbp_voice_count":0,"_bbp_anonymous_reply_count":0,"_bbp_topic_count_hidden":0,"_bbp_reply_count_hidden":0,"_bbp_forum_subforum_count":0,"footnotes":""},"categories":[29],"tags":[188,415,289,230,189],"class_list":["post-8919","post","type-post","status-publish","format-standard","has-post-thumbnail","hentry","category-portada","tag-castanyada","tag-castaween","tag-celebracions","tag-festes","tag-halloween"],"post_mailing_queue_ids":[],"_links":{"self":[{"href":"https:\/\/agora.xtec.cat\/iesmontbui\/wp-json\/wp\/v2\/posts\/8919","targetHints":{"allow":["GET"]}}],"collection":[{"href":"https:\/\/agora.xtec.cat\/iesmontbui\/wp-json\/wp\/v2\/posts"}],"about":[{"href":"https:\/\/agora.xtec.cat\/iesmontbui\/wp-json\/wp\/v2\/types\/post"}],"author":[{"embeddable":true,"href":"https:\/\/agora.xtec.cat\/iesmontbui\/wp-json\/wp\/v2\/users\/66"}],"replies":[{"embeddable":true,"href":"https:\/\/agora.xtec.cat\/iesmontbui\/wp-json\/wp\/v2\/comments?post=8919"}],"version-history":[{"count":6,"href":"https:\/\/agora.xtec.cat\/iesmontbui\/wp-json\/wp\/v2\/posts\/8919\/revisions"}],"predecessor-version":[{"id":8928,"href":"https:\/\/agora.xtec.cat\/iesmontbui\/wp-json\/wp\/v2\/posts\/8919\/revisions\/8928"}],"wp:featuredmedia":[{"embeddable":true,"href":"https:\/\/agora.xtec.cat\/iesmontbui\/wp-json\/wp\/v2\/media\/8922"}],"wp:attachment":[{"href":"https:\/\/agora.xtec.cat\/iesmontbui\/wp-json\/wp\/v2\/media?parent=8919"}],"wp:term":[{"taxonomy":"category","embeddable":true,"href":"https:\/\/agora.xtec.cat\/iesmontbui\/wp-json\/wp\/v2\/categories?post=8919"},{"taxonomy":"post_tag","embeddable":true,"href":"https:\/\/agora.xtec.cat\/iesmontbui\/wp-json\/wp\/v2\/tags?post=8919"}],"curies":[{"name":"wp","href":"https:\/\/api.w.org\/{rel}","templated":true}]}}