{"id":8912,"date":"2023-10-31T12:44:26","date_gmt":"2023-10-31T11:44:26","guid":{"rendered":"https:\/\/agora.xtec.cat\/iesmontbui\/?p=8912"},"modified":"2023-10-31T13:02:15","modified_gmt":"2023-10-31T12:02:15","slug":"histories-terrorifiques-per-a-no-dormir","status":"publish","type":"post","link":"https:\/\/agora.xtec.cat\/iesmontbui\/eso\/eso-3\/histories-terrorifiques-per-a-no-dormir\/","title":{"rendered":"Hist\u00f2ries terror\u00edfiques per a no dormir!"},"content":{"rendered":"<p>Des de l&#8217;assignatura de Llengua Castellana i Literatura, a tercer d&#8217;ESO, han dedicat diverses sessions a preparar un<strong> relat de terror,<\/strong> en motiu de la festivitat de <strong>Halloween.<\/strong> L&#8217;alumnat, distribu\u00eft en petits grups, ha ideat aquestes narracions &#8220;terror\u00edfiques&#8221; que han hagut d&#8217;escriure en un document i, posteriorment, gravar en format \u00e0udio. Finalment, els grups han elaborat una portada per al seu relat. En aquesta imatge hi han integrat un codi QR que enlla\u00e7a directament a la seva gravaci\u00f3.<\/p>\n<p>Una bona mostra d&#8217;aquests cartells &#8220;per a no dormir&#8221; els trobareu penjats durant els propers dies en les escales i passadissos del centre.<\/p>\n<p>&nbsp;<\/p>\n<p>&nbsp;<\/p>\n<p>&nbsp;<\/p>\n","protected":false},"excerpt":{"rendered":"<p>Des de l&#8217;assignatura de Llengua Castellana i Literatura, a tercer d&#8217;ESO, han dedicat diverses sessions a preparar un relat de terror, en motiu de la festivitat de Halloween. L&#8217;alumnat, distribu\u00eft en petits grups, ha ideat aquestes narracions &#8220;terror\u00edfiques&#8221; que han hagut d&#8217;escriure en un document&hellip;  <a href=\"https:\/\/agora.xtec.cat\/iesmontbui\/eso\/eso-3\/histories-terrorifiques-per-a-no-dormir\/\" title=\"Read Hist\u00f2ries terror\u00edfiques per a no dormir!\">Llegeix m\u00e9s\u00bb<\/a><\/p>\n","protected":false},"author":66,"featured_media":8913,"comment_status":"open","ping_status":"closed","sticky":false,"template":"","format":"standard","meta":{"_bbp_topic_count":0,"_bbp_reply_count":0,"_bbp_total_topic_count":0,"_bbp_total_reply_count":0,"_bbp_voice_count":0,"_bbp_anonymous_reply_count":0,"_bbp_topic_count_hidden":0,"_bbp_reply_count_hidden":0,"_bbp_forum_subforum_count":0,"footnotes":""},"categories":[6,29],"tags":[189,413,412,414],"class_list":["post-8912","post","type-post","status-publish","format-standard","has-post-thumbnail","hentry","category-eso-3","category-portada","tag-halloween","tag-llengua-castellana-i-literatura","tag-relats-de-terror","tag-tercer-eso"],"post_mailing_queue_ids":[],"_links":{"self":[{"href":"https:\/\/agora.xtec.cat\/iesmontbui\/wp-json\/wp\/v2\/posts\/8912","targetHints":{"allow":["GET"]}}],"collection":[{"href":"https:\/\/agora.xtec.cat\/iesmontbui\/wp-json\/wp\/v2\/posts"}],"about":[{"href":"https:\/\/agora.xtec.cat\/iesmontbui\/wp-json\/wp\/v2\/types\/post"}],"author":[{"embeddable":true,"href":"https:\/\/agora.xtec.cat\/iesmontbui\/wp-json\/wp\/v2\/users\/66"}],"replies":[{"embeddable":true,"href":"https:\/\/agora.xtec.cat\/iesmontbui\/wp-json\/wp\/v2\/comments?post=8912"}],"version-history":[{"count":5,"href":"https:\/\/agora.xtec.cat\/iesmontbui\/wp-json\/wp\/v2\/posts\/8912\/revisions"}],"predecessor-version":[{"id":8918,"href":"https:\/\/agora.xtec.cat\/iesmontbui\/wp-json\/wp\/v2\/posts\/8912\/revisions\/8918"}],"wp:featuredmedia":[{"embeddable":true,"href":"https:\/\/agora.xtec.cat\/iesmontbui\/wp-json\/wp\/v2\/media\/8913"}],"wp:attachment":[{"href":"https:\/\/agora.xtec.cat\/iesmontbui\/wp-json\/wp\/v2\/media?parent=8912"}],"wp:term":[{"taxonomy":"category","embeddable":true,"href":"https:\/\/agora.xtec.cat\/iesmontbui\/wp-json\/wp\/v2\/categories?post=8912"},{"taxonomy":"post_tag","embeddable":true,"href":"https:\/\/agora.xtec.cat\/iesmontbui\/wp-json\/wp\/v2\/tags?post=8912"}],"curies":[{"name":"wp","href":"https:\/\/api.w.org\/{rel}","templated":true}]}}