{"id":8897,"date":"2023-10-29T20:33:56","date_gmt":"2023-10-29T19:33:56","guid":{"rendered":"https:\/\/agora.xtec.cat\/iesmontbui\/?p=8897"},"modified":"2023-10-29T20:44:35","modified_gmt":"2023-10-29T19:44:35","slug":"linfantil-comenca-amb-forca-la-temporada-de-futbol-sala","status":"publish","type":"post","link":"https:\/\/agora.xtec.cat\/iesmontbui\/general\/linfantil-comenca-amb-forca-la-temporada-de-futbol-sala\/","title":{"rendered":"L&#8217;infantil comen\u00e7a amb for\u00e7a la temporada de futbol sala"},"content":{"rendered":"<p>L&#8217;equip infantil de l&#8217;institut Montbui no ha pogut comen\u00e7ar millor la temporada i s&#8217;ha imposat aquest dissabte, 28 d&#8217;octubre, en el primer partit de la temporada dels Jocs Esportius Escolars de futbol sala del <a href=\"https:\/\/www.ceanoia.cat\/\">Consell Esportiu de l&#8217;Anoia.<\/a> El conjunt entrenat per <strong>Jes\u00fas Palacios<\/strong> va ser capa\u00e7 de capgirar el marcador i acabar celebrant la primera vict\u00f2ria a casa davant l&#8217;AMPA Manuel de Cabanyes, de Vilanova i la Geltr\u00fa.<\/p>\n<p>El partit va comen\u00e7ar amb un gol en contra molt r\u00e0pid. No obstant aix\u00f2, lluny de desanimar-se, els jugadors es van unir amb molta determinaci\u00f3 per remuntar el matx. I aix\u00ed mateix va ser, els montbuiencs es van recompondre r\u00e0pid i van comen\u00e7ar a marcar gols, mostrant un domini fins al final. Tot i no comptar amb temps suficient per preparar el partit, l&#8217;equip va sortir amb una actitud positiva i una mentalitat guanyadora, factors clau per sumar el triomf en el debut de la temporada 2023\/24.<\/p>\n<p>En aquest partit van jugar Yahya Ait, Mohamed Amine, Adam Azzi, Diego D\u00edaz, Jaume Domingo, Mohamed Lo, Mohamed Adam Mkik i Dani Ruiz. Van marcar Lo, D\u00edaz, Domingo, D\u00edaz, Mkik i Ait.<\/p>\n<p><strong>Els partits a casa, els dissabtes al mat\u00ed\u00a0<\/strong><\/p>\n<p>Els partits que el nostre equip juga com a local es disputen al centre els dissabtes a les 10.30 del mat\u00ed. Cal recordar que en aquesta competici\u00f3 es disputen quatre parts i que <strong>per cada part guanyada se sumen tres punts.\u00a0<\/strong><\/p>\n<p>El calendari complet de la fase regular d&#8217;aquesta lliga -que compta amb deu equips de l&#8217;Alt Pened\u00e8s, l&#8217;Anoia i el Garraf- es pot consultar en aquest enlla\u00e7:<\/p>\n<p><a href=\"https:\/\/ceanoia.playoffinformatica.com\/CompeticioResultatsCalendariWeb.php?accio=accio_competicio_publica_resultats&amp;idGrup=304&amp;idTemporada=8&amp;apartat=proximes\">https:\/\/ceanoia.playoffinformatica.com\/CompeticioResultatsCalendariWeb.php?accio=accio_competicio_publica_resultats&amp;idGrup=304&amp;idTemporada=8&amp;apartat=proximes<\/a><\/p>\n<p><strong>[V\u00eddeos]<\/strong><\/p>\n<div style=\"width: 848px;\" class=\"wp-video\"><!--[if lt IE 9]><script>document.createElement('video');<\/script><![endif]-->\n<video class=\"wp-video-shortcode\" id=\"video-8897-1\" width=\"848\" height=\"480\" preload=\"metadata\" controls=\"controls\"><source type=\"video\/mp4\" src=\"https:\/\/agora.xtec.cat\/iesmontbui\/wp-content\/uploads\/usu145\/2023\/10\/WhatsApp-Video-2023-10-29-at-11.01.47-1.mp4?_=1\" \/><a href=\"https:\/\/agora.xtec.cat\/iesmontbui\/wp-content\/uploads\/usu145\/2023\/10\/WhatsApp-Video-2023-10-29-at-11.01.47-1.mp4\">https:\/\/agora.xtec.cat\/iesmontbui\/wp-content\/uploads\/usu145\/2023\/10\/WhatsApp-Video-2023-10-29-at-11.01.47-1.mp4<\/a><\/video><\/div>\n<p>&nbsp;<\/p>\n<div style=\"width: 848px;\" class=\"wp-video\"><video class=\"wp-video-shortcode\" id=\"video-8897-2\" width=\"848\" height=\"480\" preload=\"metadata\" controls=\"controls\"><source type=\"video\/mp4\" src=\"https:\/\/agora.xtec.cat\/iesmontbui\/wp-content\/uploads\/usu145\/2023\/10\/WhatsApp-Video-2023-10-29-at-11.01.46.mp4?_=2\" \/><a href=\"https:\/\/agora.xtec.cat\/iesmontbui\/wp-content\/uploads\/usu145\/2023\/10\/WhatsApp-Video-2023-10-29-at-11.01.46.mp4\">https:\/\/agora.xtec.cat\/iesmontbui\/wp-content\/uploads\/usu145\/2023\/10\/WhatsApp-Video-2023-10-29-at-11.01.46.mp4<\/a><\/video><\/div>\n<p><strong>\u00a0<\/strong><\/p>\n<div style=\"width: 848px;\" class=\"wp-video\"><video class=\"wp-video-shortcode\" id=\"video-8897-3\" width=\"848\" height=\"480\" preload=\"metadata\" controls=\"controls\"><source type=\"video\/mp4\" src=\"https:\/\/agora.xtec.cat\/iesmontbui\/wp-content\/uploads\/usu145\/2023\/10\/WhatsApp-Video-2023-10-29-at-11.01.47.mp4?_=3\" \/><a href=\"https:\/\/agora.xtec.cat\/iesmontbui\/wp-content\/uploads\/usu145\/2023\/10\/WhatsApp-Video-2023-10-29-at-11.01.47.mp4\">https:\/\/agora.xtec.cat\/iesmontbui\/wp-content\/uploads\/usu145\/2023\/10\/WhatsApp-Video-2023-10-29-at-11.01.47.mp4<\/a><\/video><\/div>\n<p>&nbsp;<\/p>\n<p>[Cr\u00f2nica i imatges facilitades per Jes\u00fas Palacios, entrenador]<\/p>\n<p>&nbsp;<\/p>\n","protected":false},"excerpt":{"rendered":"<p>L&#8217;equip infantil de l&#8217;institut Montbui no ha pogut comen\u00e7ar millor la temporada i s&#8217;ha imposat aquest dissabte, 28 d&#8217;octubre, en el primer partit de la temporada dels Jocs Esportius Escolars de futbol sala del <a href=\"https:\/\/www.ceanoia.cat\/\">Consell Esportiu de l&#8217;Anoia.<\/a> El conjunt entrenat per Jes\u00fas Palacios&hellip;  <a href=\"https:\/\/agora.xtec.cat\/iesmontbui\/general\/linfantil-comenca-amb-forca-la-temporada-de-futbol-sala\/\" title=\"Read L&#8217;infantil comen\u00e7a amb for\u00e7a la temporada de futbol sala\">Llegeix m\u00e9s\u00bb<\/a><\/p>\n","protected":false},"author":66,"featured_media":8898,"comment_status":"open","ping_status":"closed","sticky":false,"template":"","format":"standard","meta":{"_bbp_topic_count":0,"_bbp_reply_count":0,"_bbp_total_topic_count":0,"_bbp_total_reply_count":0,"_bbp_voice_count":0,"_bbp_anonymous_reply_count":0,"_bbp_topic_count_hidden":0,"_bbp_reply_count_hidden":0,"_bbp_forum_subforum_count":0,"footnotes":""},"categories":[1,29],"tags":[409,407,411,410,408],"class_list":["post-8897","post","type-post","status-publish","format-standard","has-post-thumbnail","hentry","category-general","category-portada","tag-consell-esportiu-anoia","tag-futbol-sala","tag-infantil-futbol-sala","tag-jesus-palacios","tag-jocs-escolars"],"post_mailing_queue_ids":[],"_links":{"self":[{"href":"https:\/\/agora.xtec.cat\/iesmontbui\/wp-json\/wp\/v2\/posts\/8897","targetHints":{"allow":["GET"]}}],"collection":[{"href":"https:\/\/agora.xtec.cat\/iesmontbui\/wp-json\/wp\/v2\/posts"}],"about":[{"href":"https:\/\/agora.xtec.cat\/iesmontbui\/wp-json\/wp\/v2\/types\/post"}],"author":[{"embeddable":true,"href":"https:\/\/agora.xtec.cat\/iesmontbui\/wp-json\/wp\/v2\/users\/66"}],"replies":[{"embeddable":true,"href":"https:\/\/agora.xtec.cat\/iesmontbui\/wp-json\/wp\/v2\/comments?post=8897"}],"version-history":[{"count":6,"href":"https:\/\/agora.xtec.cat\/iesmontbui\/wp-json\/wp\/v2\/posts\/8897\/revisions"}],"predecessor-version":[{"id":8911,"href":"https:\/\/agora.xtec.cat\/iesmontbui\/wp-json\/wp\/v2\/posts\/8897\/revisions\/8911"}],"wp:featuredmedia":[{"embeddable":true,"href":"https:\/\/agora.xtec.cat\/iesmontbui\/wp-json\/wp\/v2\/media\/8898"}],"wp:attachment":[{"href":"https:\/\/agora.xtec.cat\/iesmontbui\/wp-json\/wp\/v2\/media?parent=8897"}],"wp:term":[{"taxonomy":"category","embeddable":true,"href":"https:\/\/agora.xtec.cat\/iesmontbui\/wp-json\/wp\/v2\/categories?post=8897"},{"taxonomy":"post_tag","embeddable":true,"href":"https:\/\/agora.xtec.cat\/iesmontbui\/wp-json\/wp\/v2\/tags?post=8897"}],"curies":[{"name":"wp","href":"https:\/\/api.w.org\/{rel}","templated":true}]}}