{"id":8891,"date":"2023-10-27T21:49:53","date_gmt":"2023-10-27T19:49:53","guid":{"rendered":"https:\/\/agora.xtec.cat\/iesmontbui\/?p=8891"},"modified":"2023-10-27T21:57:43","modified_gmt":"2023-10-27T19:57:43","slug":"linstitut-present-a-les-iii-jornades-sobre-el-risc-de-suicidi","status":"publish","type":"post","link":"https:\/\/agora.xtec.cat\/iesmontbui\/portada\/linstitut-present-a-les-iii-jornades-sobre-el-risc-de-suicidi\/","title":{"rendered":"L&#8217;institut, present a les III Jornades sobre el su\u00efcidi"},"content":{"rendered":"<p>L\u2019institut Montbui ha participat aquest divendres, 27 d\u2019octubre, en les III Jornades interdisciplin\u00e0ries de salut mental a la Catalunya Central i que han tingut lloc a Mont-\u00c0gora, a Santa Margarida de Montbui. El nostre referent professional orientador de l&#8217;EAP, <strong>Joan Rueda,<\/strong> ha pres part de la taula rodona.<\/p>\n<p>L&#8217;eix d&#8217;aquestes <a href=\"https:\/\/govern.cat\/salapremsa\/notes-premsa\/546924\/suicidi-eix-iii-jornades-interdisciplinaries-salut-mental-catalunya-central\">jornades<\/a> \u00e9s el su\u00efcidi. D&#8217;aquesta manera, s&#8217;ha abordat la situaci\u00f3 actual amb les grans xifres i programes; els mites i realitats que hi ha a l\u2019entorn d\u2019aquesta problem\u00e0tica, els punts clau a tenir en compte per part dels professionals; l\u2019adolesc\u00e8ncia; les conductes autolesives, l\u2019atenci\u00f3 en situaci\u00f3 de crisi, qu\u00e8 fer despr\u00e9s d\u2019un su\u00efcidi; la cura dels professionals que treballen amb situacions de risc de su\u00efcidi i els desafiaments als que ha de fer front l\u2019atenci\u00f3 prim\u00e0ria i comunit\u00e0ria.<\/p>\n<p>Segons les dades del Departament de Salut, des del juny de 2014 fins al setembre de 2023, s\u2019han registrat 1.584 pacients i 1.842 episodis a l\u2019aplicaci\u00f3 que controla els casos de codi risc su\u00efcidi a la Catalunya Central.<\/p>\n<p>&nbsp;<\/p>\n<p>&nbsp;<\/p>\n<p>&nbsp;<\/p>\n","protected":false},"excerpt":{"rendered":"<p>L\u2019institut Montbui ha participat aquest divendres, 27 d\u2019octubre, en les III Jornades interdisciplin\u00e0ries de salut mental a la Catalunya Central i que han tingut lloc a Mont-\u00c0gora, a Santa Margarida de Montbui. El nostre referent professional orientador de l&#8217;EAP, Joan Rueda, ha pres part de la taula rodona. L&#8217;eix d&#8217;aquestes jornades \u00e9s el su\u00efcidi. D&#8217;aquesta [&hellip;]<\/p>\n","protected":false},"author":66,"featured_media":8892,"comment_status":"open","ping_status":"closed","sticky":false,"template":"","format":"standard","meta":{"_bbp_topic_count":0,"_bbp_reply_count":0,"_bbp_total_topic_count":0,"_bbp_total_reply_count":0,"_bbp_voice_count":0,"_bbp_anonymous_reply_count":0,"_bbp_topic_count_hidden":0,"_bbp_reply_count_hidden":0,"_bbp_forum_subforum_count":0,"site-sidebar-layout":"default","site-content-layout":"","ast-site-content-layout":"","site-content-style":"default","site-sidebar-style":"default","ast-global-header-display":"","ast-banner-title-visibility":"","ast-main-header-display":"","ast-hfb-above-header-display":"","ast-hfb-below-header-display":"","ast-hfb-mobile-header-display":"","site-post-title":"","ast-breadcrumbs-content":"","ast-featured-img":"","footer-sml-layout":"","theme-transparent-header-meta":"","adv-header-id-meta":"","stick-header-meta":"","header-above-stick-meta":"","header-main-stick-meta":"","header-below-stick-meta":"","astra-migrate-meta-layouts":"default","ast-page-background-enabled":"default","ast-page-background-meta":{"desktop":{"background-color":"var(--ast-global-color-4)","background-image":"","background-repeat":"repeat","background-position":"center center","background-size":"auto","background-attachment":"scroll","background-type":"","background-media":"","overlay-type":"","overlay-color":"","overlay-opacity":"","overlay-gradient":""},"tablet":{"background-color":"","background-image":"","background-repeat":"repeat","background-position":"center center","background-size":"auto","background-attachment":"scroll","background-type":"","background-media":"","overlay-type":"","overlay-color":"","overlay-opacity":"","overlay-gradient":""},"mobile":{"background-color":"","background-image":"","background-repeat":"repeat","background-position":"center center","background-size":"auto","background-attachment":"scroll","background-type":"","background-media":"","overlay-type":"","overlay-color":"","overlay-opacity":"","overlay-gradient":""}},"ast-content-background-meta":{"desktop":{"background-color":"var(--ast-global-color-5)","background-image":"","background-repeat":"repeat","background-position":"center center","background-size":"auto","background-attachment":"scroll","background-type":"","background-media":"","overlay-type":"","overlay-color":"","overlay-opacity":"","overlay-gradient":""},"tablet":{"background-color":"var(--ast-global-color-5)","background-image":"","background-repeat":"repeat","background-position":"center center","background-size":"auto","background-attachment":"scroll","background-type":"","background-media":"","overlay-type":"","overlay-color":"","overlay-opacity":"","overlay-gradient":""},"mobile":{"background-color":"var(--ast-global-color-5)","background-image":"","background-repeat":"repeat","background-position":"center center","background-size":"auto","background-attachment":"scroll","background-type":"","background-media":"","overlay-type":"","overlay-color":"","overlay-opacity":"","overlay-gradient":""}},"footnotes":""},"categories":[29],"tags":[405,404,206,406],"class_list":["post-8891","post","type-post","status-publish","format-standard","has-post-thumbnail","hentry","category-portada","tag-eap","tag-joan-rueda","tag-jornades","tag-mont-agora"],"post_mailing_queue_ids":[],"_links":{"self":[{"href":"https:\/\/agora.xtec.cat\/iesmontbui\/wp-json\/wp\/v2\/posts\/8891","targetHints":{"allow":["GET"]}}],"collection":[{"href":"https:\/\/agora.xtec.cat\/iesmontbui\/wp-json\/wp\/v2\/posts"}],"about":[{"href":"https:\/\/agora.xtec.cat\/iesmontbui\/wp-json\/wp\/v2\/types\/post"}],"author":[{"embeddable":true,"href":"https:\/\/agora.xtec.cat\/iesmontbui\/wp-json\/wp\/v2\/users\/66"}],"replies":[{"embeddable":true,"href":"https:\/\/agora.xtec.cat\/iesmontbui\/wp-json\/wp\/v2\/comments?post=8891"}],"version-history":[{"count":4,"href":"https:\/\/agora.xtec.cat\/iesmontbui\/wp-json\/wp\/v2\/posts\/8891\/revisions"}],"predecessor-version":[{"id":8896,"href":"https:\/\/agora.xtec.cat\/iesmontbui\/wp-json\/wp\/v2\/posts\/8891\/revisions\/8896"}],"wp:featuredmedia":[{"embeddable":true,"href":"https:\/\/agora.xtec.cat\/iesmontbui\/wp-json\/wp\/v2\/media\/8892"}],"wp:attachment":[{"href":"https:\/\/agora.xtec.cat\/iesmontbui\/wp-json\/wp\/v2\/media?parent=8891"}],"wp:term":[{"taxonomy":"category","embeddable":true,"href":"https:\/\/agora.xtec.cat\/iesmontbui\/wp-json\/wp\/v2\/categories?post=8891"},{"taxonomy":"post_tag","embeddable":true,"href":"https:\/\/agora.xtec.cat\/iesmontbui\/wp-json\/wp\/v2\/tags?post=8891"}],"curies":[{"name":"wp","href":"https:\/\/api.w.org\/{rel}","templated":true}]}}