{"id":8883,"date":"2023-10-27T11:34:29","date_gmt":"2023-10-27T09:34:29","guid":{"rendered":"https:\/\/agora.xtec.cat\/iesmontbui\/?p=8883"},"modified":"2023-10-27T11:42:04","modified_gmt":"2023-10-27T09:42:04","slug":"celebracio-de-la-castanyada-i-el-halloween-a-linstitut","status":"publish","type":"post","link":"https:\/\/agora.xtec.cat\/iesmontbui\/portada\/celebracio-de-la-castanyada-i-el-halloween-a-linstitut\/","title":{"rendered":"Celebraci\u00f3 de la Castanyada i el Halloween a l&#8217;institut"},"content":{"rendered":"<p>El proper <strong>dimarts 31 d&#8217;octubre<\/strong> l&#8217;institut celebrar\u00e0 la festa de la castanyada i de Halloween. Tindr\u00e0 lloc a l&#8217;\u00faltima hora, \u00e9s a dir, de les <strong>13.30 a les 14.30 hores.\u00a0<\/strong>Les diverses classes baixaran al pati i faran una desfilada amb les seves respectives disfresses. Durant l&#8217;acte es donaran diversos premis: a la millor classe decorada, un premi individual per disfressa i a la millor classe disfressada.<\/p>\n<p>A m\u00e9s, durant la jornada es vendran castanyes i croissants per recollir diners per la festa de final de curs, per part d&#8217;alumnes de 4t d&#8217;ESO i Batxillerat.<\/p>\n<p>&nbsp;<\/p>\n","protected":false},"excerpt":{"rendered":"<p>El proper dimarts 31 d&#8217;octubre l&#8217;institut celebrar\u00e0 la festa de la castanyada i de Halloween. Tindr\u00e0 lloc a l&#8217;\u00faltima hora, \u00e9s a dir, de les 13.30 a les 14.30 hores.\u00a0Les diverses classes baixaran al pati i faran una desfilada amb les seves respectives disfresses. Durant&hellip;  <a href=\"https:\/\/agora.xtec.cat\/iesmontbui\/portada\/celebracio-de-la-castanyada-i-el-halloween-a-linstitut\/\" title=\"Read Celebraci\u00f3 de la Castanyada i el Halloween a l&#8217;institut\">Llegeix m\u00e9s\u00bb<\/a><\/p>\n","protected":false},"author":66,"featured_media":8887,"comment_status":"open","ping_status":"closed","sticky":false,"template":"","format":"standard","meta":{"_bbp_topic_count":0,"_bbp_reply_count":0,"_bbp_total_topic_count":0,"_bbp_total_reply_count":0,"_bbp_voice_count":0,"_bbp_anonymous_reply_count":0,"_bbp_topic_count_hidden":0,"_bbp_reply_count_hidden":0,"_bbp_forum_subforum_count":0,"footnotes":""},"categories":[29],"tags":[188,288,189],"class_list":["post-8883","post","type-post","status-publish","format-standard","has-post-thumbnail","hentry","category-portada","tag-castanyada","tag-disfresses","tag-halloween"],"post_mailing_queue_ids":[],"_links":{"self":[{"href":"https:\/\/agora.xtec.cat\/iesmontbui\/wp-json\/wp\/v2\/posts\/8883","targetHints":{"allow":["GET"]}}],"collection":[{"href":"https:\/\/agora.xtec.cat\/iesmontbui\/wp-json\/wp\/v2\/posts"}],"about":[{"href":"https:\/\/agora.xtec.cat\/iesmontbui\/wp-json\/wp\/v2\/types\/post"}],"author":[{"embeddable":true,"href":"https:\/\/agora.xtec.cat\/iesmontbui\/wp-json\/wp\/v2\/users\/66"}],"replies":[{"embeddable":true,"href":"https:\/\/agora.xtec.cat\/iesmontbui\/wp-json\/wp\/v2\/comments?post=8883"}],"version-history":[{"count":3,"href":"https:\/\/agora.xtec.cat\/iesmontbui\/wp-json\/wp\/v2\/posts\/8883\/revisions"}],"predecessor-version":[{"id":8890,"href":"https:\/\/agora.xtec.cat\/iesmontbui\/wp-json\/wp\/v2\/posts\/8883\/revisions\/8890"}],"wp:featuredmedia":[{"embeddable":true,"href":"https:\/\/agora.xtec.cat\/iesmontbui\/wp-json\/wp\/v2\/media\/8887"}],"wp:attachment":[{"href":"https:\/\/agora.xtec.cat\/iesmontbui\/wp-json\/wp\/v2\/media?parent=8883"}],"wp:term":[{"taxonomy":"category","embeddable":true,"href":"https:\/\/agora.xtec.cat\/iesmontbui\/wp-json\/wp\/v2\/categories?post=8883"},{"taxonomy":"post_tag","embeddable":true,"href":"https:\/\/agora.xtec.cat\/iesmontbui\/wp-json\/wp\/v2\/tags?post=8883"}],"curies":[{"name":"wp","href":"https:\/\/api.w.org\/{rel}","templated":true}]}}