{"id":8826,"date":"2023-10-04T09:03:27","date_gmt":"2023-10-04T07:03:27","guid":{"rendered":"https:\/\/agora.xtec.cat\/iesmontbui\/?p=8826"},"modified":"2023-10-04T09:16:44","modified_gmt":"2023-10-04T07:16:44","slug":"activitats-extraescolars-del-casal-inama","status":"publish","type":"post","link":"https:\/\/agora.xtec.cat\/iesmontbui\/general\/activitats-extraescolars-del-casal-inama\/","title":{"rendered":"Activitats extraescolars del casal Inama"},"content":{"rendered":"<p>El casal infantil-juvenil Inama, de Santa Margarida de Montbui, ha obert les inscripcions per a les activitats extraescolars del curs 2023-24, en horari de tarda i que comen\u00e7aran a principis d&#8217;aquest mes d&#8217;octubre, de 17.30 a 19.30 hores. Per a m\u00e9s informaci\u00f3 es pot trucar o enviar un missatge de WhatsApp 621 28 14 22 o presencialment al casal (carrer de la Tossa, 12).<\/p>\n<p>Consulteu el cartell aqu\u00ed: <a href=\"https:\/\/agora.xtec.cat\/iesmontbui\/general\/activitats-extraescolars-del-casal-inama\/attachment\/fullet-casal-inama-informatiu-inscripcions\/\" rel=\"attachment wp-att-8828\">Fullet Casal Inama informatiu, inscripcions<\/a><\/p>\n","protected":false},"excerpt":{"rendered":"<p>El casal infantil-juvenil Inama, de Santa Margarida de Montbui, ha obert les inscripcions per a les activitats extraescolars del curs 2023-24, en horari de tarda i que comen\u00e7aran a principis d&#8217;aquest mes d&#8217;octubre, de 17.30 a 19.30 hores. Per a m\u00e9s informaci\u00f3 es pot trucar&hellip;  <a href=\"https:\/\/agora.xtec.cat\/iesmontbui\/general\/activitats-extraescolars-del-casal-inama\/\" title=\"Read Activitats extraescolars del casal Inama\">Llegeix m\u00e9s\u00bb<\/a><\/p>\n","protected":false},"author":66,"featured_media":8827,"comment_status":"open","ping_status":"closed","sticky":false,"template":"","format":"standard","meta":{"_bbp_topic_count":0,"_bbp_reply_count":0,"_bbp_total_topic_count":0,"_bbp_total_reply_count":0,"_bbp_voice_count":0,"_bbp_anonymous_reply_count":0,"_bbp_topic_count_hidden":0,"_bbp_reply_count_hidden":0,"_bbp_forum_subforum_count":0,"footnotes":""},"categories":[1,29],"tags":[],"class_list":["post-8826","post","type-post","status-publish","format-standard","has-post-thumbnail","hentry","category-general","category-portada"],"post_mailing_queue_ids":[],"_links":{"self":[{"href":"https:\/\/agora.xtec.cat\/iesmontbui\/wp-json\/wp\/v2\/posts\/8826","targetHints":{"allow":["GET"]}}],"collection":[{"href":"https:\/\/agora.xtec.cat\/iesmontbui\/wp-json\/wp\/v2\/posts"}],"about":[{"href":"https:\/\/agora.xtec.cat\/iesmontbui\/wp-json\/wp\/v2\/types\/post"}],"author":[{"embeddable":true,"href":"https:\/\/agora.xtec.cat\/iesmontbui\/wp-json\/wp\/v2\/users\/66"}],"replies":[{"embeddable":true,"href":"https:\/\/agora.xtec.cat\/iesmontbui\/wp-json\/wp\/v2\/comments?post=8826"}],"version-history":[{"count":4,"href":"https:\/\/agora.xtec.cat\/iesmontbui\/wp-json\/wp\/v2\/posts\/8826\/revisions"}],"predecessor-version":[{"id":8832,"href":"https:\/\/agora.xtec.cat\/iesmontbui\/wp-json\/wp\/v2\/posts\/8826\/revisions\/8832"}],"wp:featuredmedia":[{"embeddable":true,"href":"https:\/\/agora.xtec.cat\/iesmontbui\/wp-json\/wp\/v2\/media\/8827"}],"wp:attachment":[{"href":"https:\/\/agora.xtec.cat\/iesmontbui\/wp-json\/wp\/v2\/media?parent=8826"}],"wp:term":[{"taxonomy":"category","embeddable":true,"href":"https:\/\/agora.xtec.cat\/iesmontbui\/wp-json\/wp\/v2\/categories?post=8826"},{"taxonomy":"post_tag","embeddable":true,"href":"https:\/\/agora.xtec.cat\/iesmontbui\/wp-json\/wp\/v2\/tags?post=8826"}],"curies":[{"name":"wp","href":"https:\/\/api.w.org\/{rel}","templated":true}]}}