{"id":8784,"date":"2023-09-13T12:44:12","date_gmt":"2023-09-13T10:44:12","guid":{"rendered":"https:\/\/agora.xtec.cat\/iesmontbui\/?p=8784"},"modified":"2023-09-15T17:56:26","modified_gmt":"2023-09-15T15:56:26","slug":"linstitut-es-solidaritza-amb-el-marroc","status":"publish","type":"post","link":"https:\/\/agora.xtec.cat\/iesmontbui\/general\/linstitut-es-solidaritza-amb-el-marroc\/","title":{"rendered":"L&#8217;institut es solidaritza amb el Magrib"},"content":{"rendered":"<p>L&#8217;Institut Montbui ha realitzat aquest dimecres, 13 de setembre, un acte simb\u00f2lic en solidaritat amb el poble magrib\u00ed afectat per un terratr\u00e8mol de magnitud 6,9 el passat divendres i que va causar m\u00e9s de 2.000 v\u00edctimes. Durant el segon pati, diversos alumnes, amb la col\u00b7laboraci\u00f3 del professorat, han col\u00b7locat diverses espelmes rodones a sobre d&#8217;una estrella de color verd. Aquesta es trobava situada damunt d&#8217;una bandera del Marroc, realitzada amb paper d&#8217;embalar vermell.<\/p>\n<p><strong>Manifest en suport a les v\u00edctimes\u00a0<\/strong><\/p>\n<p>Pr\u00e8viament, tamb\u00e9 s&#8217;ha llegit un manifest en suport a les v\u00edctimes d&#8217;aquest succ\u00e9s:<\/p>\n<p><em>En nom de l\u2019Institut Montbui volem expressar el nostre condol i la solidaritat envers totes les v\u00edctimes del terratr\u00e8mol que s\u2019ha produ\u00eft al Marroc, al sudoest de la ciutat de Marr\u00e0queix, a la nit i la matinada del dissabte 9 de setembre de 2023. Malauradament tamb\u00e9 ens cal ara afegir el condol per les v\u00edctimes del cicl\u00f3 Daniel a L\u00edbia.<\/em><\/p>\n<p><em>El nostre municipi compta amb un important nombre de persones origin\u00e0ries del Magrib, que conserven vincles familiars o personals amb les seves poblacions d\u2019origen, a les quals manifestem tamb\u00e9 el nostre condol pels milers de v\u00edctimes mortals i la nostra solidaritat envers les persones ferides o afectades pel terratr\u00e8mol i el cicl\u00f3.<\/em><\/p>\n<p><em>El comprom\u00eds humanitari amb persones, comunitats i pa\u00efsos d\u2019arreu del m\u00f3n\u00a0 \u00e9s l\u2019esperit solidari que ens convoca a compartir el dolor de tantes persones i fam\u00edlies, aix\u00ed com el seu impacte emocional i social. \u00c9s el mateix esperit amb el qual afrontem tota mena d\u2019esdeveniments catastr\u00f2fics, conflictes i crisis humanit\u00e0ries davant les quals ning\u00fa no pot romandre indiferent. I \u00e9s tamb\u00e9 la mateixa solidaritat i fraternitat, per damunt de tota mena de fronteres i barreres, el que volem expressar.<\/em><\/p>\n<p><em>\u00c9s per tot aix\u00f2 que, en el context d\u2019aquesta cat\u00e0strofe i de la crisi humanit\u00e0ria que s\u2019ha generat, la nostra comunitat educativa vol estar al costat de les persones que al nostre municipi mantenen relacions personals o familiars amb el Magrib i\u00a0 \u00e9s el sentit d\u2019aquest acte simb\u00f2lic commemoratiu pel que convidem a tots aquells que vulgueu a encendre una espelma per afegir-nos al condol.<\/em><\/p>\n","protected":false},"excerpt":{"rendered":"<p>L&#8217;Institut Montbui ha realitzat aquest dimecres, 13 de setembre, un acte simb\u00f2lic en solidaritat amb el poble magrib\u00ed afectat per un terratr\u00e8mol de magnitud 6,9 el passat divendres i que va causar m\u00e9s de 2.000 v\u00edctimes. Durant el segon pati, diversos alumnes, amb la col\u00b7laboraci\u00f3&hellip;  <a href=\"https:\/\/agora.xtec.cat\/iesmontbui\/general\/linstitut-es-solidaritza-amb-el-marroc\/\" title=\"Read L&#8217;institut es solidaritza amb el Magrib\">Llegeix m\u00e9s\u00bb<\/a><\/p>\n","protected":false},"author":66,"featured_media":8789,"comment_status":"open","ping_status":"closed","sticky":false,"template":"","format":"standard","meta":{"_bbp_topic_count":0,"_bbp_reply_count":0,"_bbp_total_topic_count":0,"_bbp_total_reply_count":0,"_bbp_voice_count":0,"_bbp_anonymous_reply_count":0,"_bbp_topic_count_hidden":0,"_bbp_reply_count_hidden":0,"_bbp_forum_subforum_count":0,"footnotes":""},"categories":[1,29],"tags":[362,366,365,364,363],"class_list":["post-8784","post","type-post","status-publish","format-standard","has-post-thumbnail","hentry","category-general","category-portada","tag-actes","tag-magrib","tag-manifest","tag-pati","tag-terratremol-marroc"],"post_mailing_queue_ids":[],"_links":{"self":[{"href":"https:\/\/agora.xtec.cat\/iesmontbui\/wp-json\/wp\/v2\/posts\/8784","targetHints":{"allow":["GET"]}}],"collection":[{"href":"https:\/\/agora.xtec.cat\/iesmontbui\/wp-json\/wp\/v2\/posts"}],"about":[{"href":"https:\/\/agora.xtec.cat\/iesmontbui\/wp-json\/wp\/v2\/types\/post"}],"author":[{"embeddable":true,"href":"https:\/\/agora.xtec.cat\/iesmontbui\/wp-json\/wp\/v2\/users\/66"}],"replies":[{"embeddable":true,"href":"https:\/\/agora.xtec.cat\/iesmontbui\/wp-json\/wp\/v2\/comments?post=8784"}],"version-history":[{"count":3,"href":"https:\/\/agora.xtec.cat\/iesmontbui\/wp-json\/wp\/v2\/posts\/8784\/revisions"}],"predecessor-version":[{"id":8793,"href":"https:\/\/agora.xtec.cat\/iesmontbui\/wp-json\/wp\/v2\/posts\/8784\/revisions\/8793"}],"wp:featuredmedia":[{"embeddable":true,"href":"https:\/\/agora.xtec.cat\/iesmontbui\/wp-json\/wp\/v2\/media\/8789"}],"wp:attachment":[{"href":"https:\/\/agora.xtec.cat\/iesmontbui\/wp-json\/wp\/v2\/media?parent=8784"}],"wp:term":[{"taxonomy":"category","embeddable":true,"href":"https:\/\/agora.xtec.cat\/iesmontbui\/wp-json\/wp\/v2\/categories?post=8784"},{"taxonomy":"post_tag","embeddable":true,"href":"https:\/\/agora.xtec.cat\/iesmontbui\/wp-json\/wp\/v2\/tags?post=8784"}],"curies":[{"name":"wp","href":"https:\/\/api.w.org\/{rel}","templated":true}]}}