{"id":8780,"date":"2023-09-12T13:28:13","date_gmt":"2023-09-12T11:28:13","guid":{"rendered":"https:\/\/agora.xtec.cat\/iesmontbui\/?p=8780"},"modified":"2023-09-12T13:28:51","modified_gmt":"2023-09-12T11:28:51","slug":"lalumnat-de-1r-deso-coneix-linstitut","status":"publish","type":"post","link":"https:\/\/agora.xtec.cat\/iesmontbui\/general\/lalumnat-de-1r-deso-coneix-linstitut\/","title":{"rendered":"L&#8217;alumnat de 1r d&#8217;ESO coneix l&#8217;institut"},"content":{"rendered":"<p>L&#8217;alumnat de 1r d&#8217;ESO va dur a terme, el dijous 7 i divendres 8 de setembre, diverses activitats d&#8217;acollida acompanyats dels seus tutors\/es i cotutors\/es. <span style=\"font-weight: 400;\">Aquestes activitats van consistir en jocs de coneixen\u00e7a per trencar el gel, din\u00e0miques de cohesi\u00f3 per anar formant el grup classe i una gimcana per trobar els diferents espais de l\u2019institut. <\/span><\/p>\n<p><span style=\"font-weight: 400;\">Tamb\u00e9 es fer activitats per familiaritzar-se amb les eines digitals que utilitzaran durant aquest curs i se\u2019ls van explicar les normes de funcionament del centre. A m\u00e9s, vam realitzar una sortida tots junts caminant fins a la pla\u00e7a dels Drets Humans d&#8217;Igualada on l&#8217;alumnat va fer diferents jocs. <\/span><\/p>\n<p><span style=\"font-weight: 400;\">Aix\u00ed doncs&#8230;ja estem a punt per a comen\u00e7ar el curs!<\/span><\/p>\n","protected":false},"excerpt":{"rendered":"<p>L&#8217;alumnat de 1r d&#8217;ESO va dur a terme, el dijous 7 i divendres 8 de setembre, diverses activitats d&#8217;acollida acompanyats dels seus tutors\/es i cotutors\/es. Aquestes activitats van consistir en jocs de coneixen\u00e7a per trencar el gel, din\u00e0miques de cohesi\u00f3 per anar formant el grup&hellip;  <a href=\"https:\/\/agora.xtec.cat\/iesmontbui\/general\/lalumnat-de-1r-deso-coneix-linstitut\/\" title=\"Read L&#8217;alumnat de 1r d&#8217;ESO coneix l&#8217;institut\">Llegeix m\u00e9s\u00bb<\/a><\/p>\n","protected":false},"author":66,"featured_media":8781,"comment_status":"open","ping_status":"closed","sticky":false,"template":"","format":"standard","meta":{"_bbp_topic_count":0,"_bbp_reply_count":0,"_bbp_total_topic_count":0,"_bbp_total_reply_count":0,"_bbp_voice_count":0,"_bbp_anonymous_reply_count":0,"_bbp_topic_count_hidden":0,"_bbp_reply_count_hidden":0,"_bbp_forum_subforum_count":0,"footnotes":""},"categories":[1,29],"tags":[],"class_list":["post-8780","post","type-post","status-publish","format-standard","has-post-thumbnail","hentry","category-general","category-portada"],"post_mailing_queue_ids":[],"_links":{"self":[{"href":"https:\/\/agora.xtec.cat\/iesmontbui\/wp-json\/wp\/v2\/posts\/8780","targetHints":{"allow":["GET"]}}],"collection":[{"href":"https:\/\/agora.xtec.cat\/iesmontbui\/wp-json\/wp\/v2\/posts"}],"about":[{"href":"https:\/\/agora.xtec.cat\/iesmontbui\/wp-json\/wp\/v2\/types\/post"}],"author":[{"embeddable":true,"href":"https:\/\/agora.xtec.cat\/iesmontbui\/wp-json\/wp\/v2\/users\/66"}],"replies":[{"embeddable":true,"href":"https:\/\/agora.xtec.cat\/iesmontbui\/wp-json\/wp\/v2\/comments?post=8780"}],"version-history":[{"count":2,"href":"https:\/\/agora.xtec.cat\/iesmontbui\/wp-json\/wp\/v2\/posts\/8780\/revisions"}],"predecessor-version":[{"id":8783,"href":"https:\/\/agora.xtec.cat\/iesmontbui\/wp-json\/wp\/v2\/posts\/8780\/revisions\/8783"}],"wp:featuredmedia":[{"embeddable":true,"href":"https:\/\/agora.xtec.cat\/iesmontbui\/wp-json\/wp\/v2\/media\/8781"}],"wp:attachment":[{"href":"https:\/\/agora.xtec.cat\/iesmontbui\/wp-json\/wp\/v2\/media?parent=8780"}],"wp:term":[{"taxonomy":"category","embeddable":true,"href":"https:\/\/agora.xtec.cat\/iesmontbui\/wp-json\/wp\/v2\/categories?post=8780"},{"taxonomy":"post_tag","embeddable":true,"href":"https:\/\/agora.xtec.cat\/iesmontbui\/wp-json\/wp\/v2\/tags?post=8780"}],"curies":[{"name":"wp","href":"https:\/\/api.w.org\/{rel}","templated":true}]}}