{"id":8765,"date":"2023-09-07T08:58:33","date_gmt":"2023-09-07T06:58:33","guid":{"rendered":"https:\/\/agora.xtec.cat\/iesmontbui\/?p=8765"},"modified":"2023-09-07T11:17:57","modified_gmt":"2023-09-07T09:17:57","slug":"proposta-dactivitats-diverses-per-a-joves-i-families","status":"publish","type":"post","link":"https:\/\/agora.xtec.cat\/iesmontbui\/general\/proposta-dactivitats-diverses-per-a-joves-i-families\/","title":{"rendered":"Proposta d&#8217;activitats diverses per a joves i fam\u00edlies"},"content":{"rendered":"<p>Coincidint amb l&#8217;arrencada del curs escolar, es posen en marxa algunes activitats diverses dirigides a joves i fam\u00edlies.<\/p>\n<p><b>&#8220;3&#215;3 B\u00e0squet&#8221;<\/b><br \/>\nEs tracta d&#8217;un torneig nocturn de b\u00e0squet per a joves majors de 16 anys. La data l\u00edmit per inscriure&#8217;s \u00e9s aquest divendres 8 de setembre. El torneig tindr\u00e0 lloc el dissabte 16 de setembre a les 20 hores al Poliesportiu Mestre Vila Vell (\u00d2dena) i els equips s\u00f3n de tres o quatre persones. M\u00e9s informaci\u00f3 a <a href=\"https:\/\/bit.ly\/torneiganoia\">https:\/\/bit.ly\/torneiganoia<\/a><\/p>\n<p><b>&#8220;Com continuem la crian\u00e7a a l&#8217;adolesc\u00e8ncia&#8221;<\/b><br \/>\nUna altra de les propostes \u00e9s el taller adre\u00e7at a les fam\u00edlies &#8220;Com continuem la crian\u00e7a a l&#8217;adolesc\u00e8ncia?&#8221; S&#8217;inicia el 3 d&#8217;octubre de 2023 i finalitza el 12 de desembre de 2023, al carrer de Florenci Valls 48, 2n 2a d&#8217;Igualada. L&#8217;horari \u00e9s el dimarts de 17:30 a 19:00, amb periodicitat quinzenal. L&#8217;organitza DAE Dones Amb Empenta.<\/p>\n<p><b>&#8220;Mentoria&#8221;<\/b><\/p>\n<p>Vols ser mentor\/a juvenil de la Conca d&#8217;\u00d2dena? Des de C\u00e0ritas Diocesana de Vic es fa una crida a estudiants universitaris i de grau superior d&#8217;entre 18 i 30 anys que tinguin disponibilitat d&#8217;una tarda a la setmana o una estona durant la setmana durant el curs acad\u00e8mic. En aquest projecte, cada jove s&#8217;emparella amb un noi\/a d&#8217;entre 11 i 15 anys amb la intenci\u00f3 de fomentar la igualtat d&#8217;oportunitats i la cohesi\u00f3 social. M\u00e9s informaci\u00f3 a l&#8217;instagram <span class=\"\" style=\"font-family: inherit; font-size: 1em;\">@<\/span><span style=\"font-family: inherit; font-size: 1em;\">mentoriajuvenil.concaodena.\u00a0<\/span><\/p>\n","protected":false},"excerpt":{"rendered":"<p>Coincidint amb l&#8217;arrencada del curs escolar, es posen en marxa algunes activitats diverses dirigides a joves i fam\u00edlies.<br \/>\n&#8220;3&#215;3 B\u00e0squet&#8221;<br \/>\nEs tracta d&#8217;un torneig nocturn de b\u00e0squet per a joves majors de 16 anys. La data l\u00edmit per inscriure&#8217;s \u00e9s aquest divendres 8 de setembre. El torneig&hellip;  <a href=\"https:\/\/agora.xtec.cat\/iesmontbui\/general\/proposta-dactivitats-diverses-per-a-joves-i-families\/\" title=\"Read Proposta d&#8217;activitats diverses per a joves i fam\u00edlies\">Llegeix m\u00e9s\u00bb<\/a><\/p>\n","protected":false},"author":66,"featured_media":8766,"comment_status":"open","ping_status":"closed","sticky":false,"template":"","format":"standard","meta":{"_bbp_topic_count":0,"_bbp_reply_count":0,"_bbp_total_topic_count":0,"_bbp_total_reply_count":0,"_bbp_voice_count":0,"_bbp_anonymous_reply_count":0,"_bbp_topic_count_hidden":0,"_bbp_reply_count_hidden":0,"_bbp_forum_subforum_count":0,"footnotes":""},"categories":[1,29],"tags":[],"class_list":["post-8765","post","type-post","status-publish","format-standard","has-post-thumbnail","hentry","category-general","category-portada"],"post_mailing_queue_ids":[],"_links":{"self":[{"href":"https:\/\/agora.xtec.cat\/iesmontbui\/wp-json\/wp\/v2\/posts\/8765","targetHints":{"allow":["GET"]}}],"collection":[{"href":"https:\/\/agora.xtec.cat\/iesmontbui\/wp-json\/wp\/v2\/posts"}],"about":[{"href":"https:\/\/agora.xtec.cat\/iesmontbui\/wp-json\/wp\/v2\/types\/post"}],"author":[{"embeddable":true,"href":"https:\/\/agora.xtec.cat\/iesmontbui\/wp-json\/wp\/v2\/users\/66"}],"replies":[{"embeddable":true,"href":"https:\/\/agora.xtec.cat\/iesmontbui\/wp-json\/wp\/v2\/comments?post=8765"}],"version-history":[{"count":2,"href":"https:\/\/agora.xtec.cat\/iesmontbui\/wp-json\/wp\/v2\/posts\/8765\/revisions"}],"predecessor-version":[{"id":8773,"href":"https:\/\/agora.xtec.cat\/iesmontbui\/wp-json\/wp\/v2\/posts\/8765\/revisions\/8773"}],"wp:featuredmedia":[{"embeddable":true,"href":"https:\/\/agora.xtec.cat\/iesmontbui\/wp-json\/wp\/v2\/media\/8766"}],"wp:attachment":[{"href":"https:\/\/agora.xtec.cat\/iesmontbui\/wp-json\/wp\/v2\/media?parent=8765"}],"wp:term":[{"taxonomy":"category","embeddable":true,"href":"https:\/\/agora.xtec.cat\/iesmontbui\/wp-json\/wp\/v2\/categories?post=8765"},{"taxonomy":"post_tag","embeddable":true,"href":"https:\/\/agora.xtec.cat\/iesmontbui\/wp-json\/wp\/v2\/tags?post=8765"}],"curies":[{"name":"wp","href":"https:\/\/api.w.org\/{rel}","templated":true}]}}