{"id":8763,"date":"2023-08-29T15:57:35","date_gmt":"2023-08-29T13:57:35","guid":{"rendered":"https:\/\/agora.xtec.cat\/iesmontbui\/?p=8763"},"modified":"2023-08-29T15:57:35","modified_gmt":"2023-08-29T13:57:35","slug":"tria-doptatives-de-1r-a-3r-deso","status":"publish","type":"post","link":"https:\/\/agora.xtec.cat\/iesmontbui\/portada\/tria-doptatives-de-1r-a-3r-deso\/","title":{"rendered":"Tria d&#8217;optatives de 1r a 3r d&#8217;ESO"},"content":{"rendered":"<p><span style=\"font-weight: 400;\">Els primers dies de classe, l&#8217;alumnat de 1r, 2n i 3r d\u2019ESO haur\u00e0 de triar el projecte o projectes que vol cursar. <\/span><span style=\"font-weight: 400;\">\u00c9s important que tri\u00efn amb el coneixement de la fam\u00edlia o tutor\/a legal.\u00a0<\/span><\/p>\n<p><span style=\"font-weight: 400;\">Hi ha dos tipus de projectes: anuals (duren tot el curs) o trimestrals (se&#8217;n fa un de diferent cada trimestre). En el moment de fer la tria, els vostres fills o filles, han de tenir en compte les seves prefer\u00e8ncies (qu\u00e8 els agrada?), necessitats (els aniria b\u00e9 refor\u00e7ar alguna mat\u00e8ria?) i capacitats personals (com els han anat anteriorment les mat\u00e8ries relacionades amb els projectes).<\/span><\/p>\n<p><span style=\"font-weight: 400;\">L&#8217;adjudicaci\u00f3 dels Projectes es far\u00e0 a partir de les prefer\u00e8ncies mostrades per l&#8217;alumne\/a, les recomanacions dedu\u00efbles de l\u2019historial acad\u00e8mic i personal.<\/span><\/p>\n<p><span style=\"font-weight: 400;\">A continuaci\u00f3, us hi adjuntem una breu descripci\u00f3 de cadascun dels projectes. Si us plau, consulteu i comenteu amb el vostre fill o filla els dels curs que realitzar\u00e0.<\/span><span style=\"font-weight: 400;\">\u00a0 \u00a0 \u00a0 \u00a0 \u00a0 \u00a0<\/span><\/p>\n<p><span style=\"font-weight: 400;\"><a href=\"https:\/\/docs.google.com\/document\/d\/1SX-tsr1Epw9s64AKBk14C8aHLqjsM-qE4datQR860pY\/edit?usp=sharing\"><b>TRIA DE PROJECTES 1r, 2n i 3r ESO<\/b><\/a> \u00a0 \u00a0 \u00a0 \u00a0 \u00a0 <\/span> <span style=\"font-weight: 400;\">\u00a0\u00a0\u00a0\u00a0<\/span><\/p>\n","protected":false},"excerpt":{"rendered":"<p>Els primers dies de classe, l&#8217;alumnat de 1r, 2n i 3r d\u2019ESO haur\u00e0 de triar el projecte o projectes que vol cursar. \u00c9s important que tri\u00efn amb el coneixement de la fam\u00edlia o tutor\/a legal.\u00a0<br \/>\nHi ha dos tipus de projectes: anuals (duren tot el curs)&hellip;  <a href=\"https:\/\/agora.xtec.cat\/iesmontbui\/portada\/tria-doptatives-de-1r-a-3r-deso\/\" title=\"Read Tria d&#8217;optatives de 1r a 3r d&#8217;ESO\">Llegeix m\u00e9s\u00bb<\/a><\/p>\n","protected":false},"author":65,"featured_media":8735,"comment_status":"open","ping_status":"closed","sticky":false,"template":"","format":"standard","meta":{"_bbp_topic_count":0,"_bbp_reply_count":0,"_bbp_total_topic_count":0,"_bbp_total_reply_count":0,"_bbp_voice_count":0,"_bbp_anonymous_reply_count":0,"_bbp_topic_count_hidden":0,"_bbp_reply_count_hidden":0,"_bbp_forum_subforum_count":0,"footnotes":""},"categories":[29],"tags":[],"class_list":["post-8763","post","type-post","status-publish","format-standard","has-post-thumbnail","hentry","category-portada"],"post_mailing_queue_ids":[],"_links":{"self":[{"href":"https:\/\/agora.xtec.cat\/iesmontbui\/wp-json\/wp\/v2\/posts\/8763","targetHints":{"allow":["GET"]}}],"collection":[{"href":"https:\/\/agora.xtec.cat\/iesmontbui\/wp-json\/wp\/v2\/posts"}],"about":[{"href":"https:\/\/agora.xtec.cat\/iesmontbui\/wp-json\/wp\/v2\/types\/post"}],"author":[{"embeddable":true,"href":"https:\/\/agora.xtec.cat\/iesmontbui\/wp-json\/wp\/v2\/users\/65"}],"replies":[{"embeddable":true,"href":"https:\/\/agora.xtec.cat\/iesmontbui\/wp-json\/wp\/v2\/comments?post=8763"}],"version-history":[{"count":1,"href":"https:\/\/agora.xtec.cat\/iesmontbui\/wp-json\/wp\/v2\/posts\/8763\/revisions"}],"predecessor-version":[{"id":8764,"href":"https:\/\/agora.xtec.cat\/iesmontbui\/wp-json\/wp\/v2\/posts\/8763\/revisions\/8764"}],"wp:featuredmedia":[{"embeddable":true,"href":"https:\/\/agora.xtec.cat\/iesmontbui\/wp-json\/wp\/v2\/media\/8735"}],"wp:attachment":[{"href":"https:\/\/agora.xtec.cat\/iesmontbui\/wp-json\/wp\/v2\/media?parent=8763"}],"wp:term":[{"taxonomy":"category","embeddable":true,"href":"https:\/\/agora.xtec.cat\/iesmontbui\/wp-json\/wp\/v2\/categories?post=8763"},{"taxonomy":"post_tag","embeddable":true,"href":"https:\/\/agora.xtec.cat\/iesmontbui\/wp-json\/wp\/v2\/tags?post=8763"}],"curies":[{"name":"wp","href":"https:\/\/api.w.org\/{rel}","templated":true}]}}