{"id":8700,"date":"2023-06-28T12:42:47","date_gmt":"2023-06-28T10:42:47","guid":{"rendered":"https:\/\/agora.xtec.cat\/iesmontbui\/?p=8700"},"modified":"2023-06-29T17:52:07","modified_gmt":"2023-06-29T15:52:07","slug":"estada-a-lempresa-al-batxillerat","status":"publish","type":"post","link":"https:\/\/agora.xtec.cat\/iesmontbui\/batxillerat\/estada-a-lempresa-al-batxillerat\/","title":{"rendered":"Estada a l\u2019empresa al batxillerat"},"content":{"rendered":"<p style=\"text-align: justify;\"><span style=\"font-weight: 400;\">La mat\u00e8ria d\u2019estada a l\u2019empresa, \u00e9s una mat\u00e8ria optativa al batxillerat, que d\u00f3na l\u2019oportunitat als i les alumnes de fer una primera presa de contacte amb el m\u00f3n laboral, i posar en pr\u00e0ctica determinades actituds i compet\u00e8ncies que necessitaran en el seu futur professional, com el treball en equip, la iniciativa, la capacitat organitzativa, etc.<\/span><\/p>\n<p style=\"text-align: justify;\"><span style=\"font-weight: 400;\">Aquest curs 22\/23, 12 alumnes de batxillerat del nostre centre, han fet una estada de 70 hores de pr\u00e0ctiques en empreses i entitats locals.<\/span><\/p>\n<p style=\"text-align: justify;\"><span style=\"font-weight: 400;\">La valoraci\u00f3 d\u2019aquestes ha estat qualificada d\u2019excel\u00b7lent per totes dues parts, tutors i tutores d\u2019empresa i alumnat.<\/span><\/p>\n<p style=\"text-align: justify;\"><span style=\"font-weight: 400;\">Les empreses que han participat en aquesta iniciativa, han estat les seg\u00fcents:<\/span><\/p>\n<ul style=\"text-align: justify;\">\n<li style=\"font-weight: 400;\" aria-level=\"1\"><span style=\"font-weight: 400;\">Ajuntament de Santa Margarida de Montbui( Mont-\u00c0gora i Mont-Aqua)<\/span><\/li>\n<li aria-level=\"1\">Uni\u00f3 Empresarial de l&#8217;Anoia<\/li>\n<li style=\"font-weight: 400;\" aria-level=\"1\"><span style=\"font-weight: 400;\">Llars d\u2019infants del municipi<\/span><\/li>\n<li style=\"font-weight: 400;\" aria-level=\"1\"><span style=\"font-weight: 400;\">Ajuntament d\u2019Igualada( R\u00e0dio Igualada)<\/span><\/li>\n<li style=\"font-weight: 400;\" aria-level=\"1\"><span style=\"font-weight: 400;\">Fruiteria Cal LLu\u00eds<\/span><\/li>\n<li style=\"font-weight: 400;\" aria-level=\"1\"><span style=\"font-weight: 400;\">Centre de Ter\u00e0pies Kinesis<\/span><\/li>\n<li style=\"font-weight: 400;\" aria-level=\"1\"><span style=\"font-weight: 400;\">Grup Cid, Autoescola, gestoria i assegurances<\/span><\/li>\n<li style=\"font-weight: 400;\" aria-level=\"1\"><span style=\"font-weight: 400;\">Botiga de roba Lumberton<\/span><\/li>\n<li style=\"font-weight: 400;\" aria-level=\"1\"><span style=\"font-weight: 400;\">Jocnet gesti\u00f3 esportiva<\/span><\/li>\n<\/ul>\n<p style=\"text-align: justify;\"><span style=\"font-weight: 400;\">Volem agrair a totes elles les hores de dedicaci\u00f3 i l\u2019atenci\u00f3 que han donat al nostre alumnat.<\/span><\/p>\n<p style=\"text-align: right;\"><strong>Rosa Langa<\/strong><\/p>\n\n\t\t<style type=\"text\/css\">\n\t\t\t#gallery-1 {\n\t\t\t\tmargin: auto;\n\t\t\t}\n\t\t\t#gallery-1 .gallery-item {\n\t\t\t\tfloat: left;\n\t\t\t\tmargin-top: 10px;\n\t\t\t\ttext-align: center;\n\t\t\t\twidth: 50%;\n\t\t\t}\n\t\t\t#gallery-1 img {\n\t\t\t\tborder: 2px solid #cfcfcf;\n\t\t\t}\n\t\t\t#gallery-1 .gallery-caption {\n\t\t\t\tmargin-left: 0;\n\t\t\t}\n\t\t\t\/* see gallery_shortcode() in wp-includes\/media.php *\/\n\t\t<\/style>\n\t\t<div id='gallery-1' class='gallery galleryid-8700 gallery-columns-2 gallery-size-medium'><dl class='gallery-item'>\n\t\t\t<dt class='gallery-icon landscape'>\n\t\t\t\t<a href='https:\/\/agora.xtec.cat\/iesmontbui\/batxillerat\/estada-a-lempresa-al-batxillerat\/attachment\/noa-empresa\/'><img loading=\"lazy\" decoding=\"async\" width=\"300\" height=\"153\" src=\"https:\/\/agora.xtec.cat\/iesmontbui\/wp-content\/uploads\/usu145\/2023\/06\/Noa-empresa-300x153.png\" class=\"attachment-medium size-medium\" alt=\"\" aria-describedby=\"gallery-1-8701\" srcset=\"https:\/\/agora.xtec.cat\/iesmontbui\/wp-content\/uploads\/usu145\/2023\/06\/Noa-empresa-300x153.png 300w, https:\/\/agora.xtec.cat\/iesmontbui\/wp-content\/uploads\/usu145\/2023\/06\/Noa-empresa-1024x522.png 1024w, https:\/\/agora.xtec.cat\/iesmontbui\/wp-content\/uploads\/usu145\/2023\/06\/Noa-empresa-768x392.png 768w, https:\/\/agora.xtec.cat\/iesmontbui\/wp-content\/uploads\/usu145\/2023\/06\/Noa-empresa.png 1198w\" sizes=\"auto, (max-width: 300px) 100vw, 300px\" \/><\/a>\n\t\t\t<\/dt>\n\t\t\t\t<dd class='wp-caption-text gallery-caption' id='gallery-1-8701'>\n\t\t\t\tAutoescola Cid\n\t\t\t\t<\/dd><\/dl><dl class='gallery-item'>\n\t\t\t<dt class='gallery-icon landscape'>\n\t\t\t\t<a href='https:\/\/agora.xtec.cat\/iesmontbui\/batxillerat\/estada-a-lempresa-al-batxillerat\/attachment\/salma-empresa\/'><img loading=\"lazy\" decoding=\"async\" width=\"300\" height=\"153\" src=\"https:\/\/agora.xtec.cat\/iesmontbui\/wp-content\/uploads\/usu145\/2023\/06\/Salma-empresa-300x153.png\" class=\"attachment-medium size-medium\" alt=\"\" aria-describedby=\"gallery-1-8702\" srcset=\"https:\/\/agora.xtec.cat\/iesmontbui\/wp-content\/uploads\/usu145\/2023\/06\/Salma-empresa-300x153.png 300w, https:\/\/agora.xtec.cat\/iesmontbui\/wp-content\/uploads\/usu145\/2023\/06\/Salma-empresa-1024x522.png 1024w, https:\/\/agora.xtec.cat\/iesmontbui\/wp-content\/uploads\/usu145\/2023\/06\/Salma-empresa-768x392.png 768w, https:\/\/agora.xtec.cat\/iesmontbui\/wp-content\/uploads\/usu145\/2023\/06\/Salma-empresa.png 1198w\" sizes=\"auto, (max-width: 300px) 100vw, 300px\" \/><\/a>\n\t\t\t<\/dt>\n\t\t\t\t<dd class='wp-caption-text gallery-caption' id='gallery-1-8702'>\n\t\t\t\tMont-\u00c0gora\n\t\t\t\t<\/dd><\/dl><br style=\"clear: both\" \/>\n\t\t<\/div>\n\n","protected":false},"excerpt":{"rendered":"<p>La mat\u00e8ria d\u2019estada a l\u2019empresa, \u00e9s una mat\u00e8ria optativa al batxillerat, que d\u00f3na l\u2019oportunitat als i les alumnes de fer una primera presa de contacte amb el m\u00f3n laboral, i posar en pr\u00e0ctica determinades actituds i compet\u00e8ncies que necessitaran en el seu futur professional, com&hellip;  <a href=\"https:\/\/agora.xtec.cat\/iesmontbui\/batxillerat\/estada-a-lempresa-al-batxillerat\/\" title=\"Read Estada a l\u2019empresa al batxillerat\">Llegeix m\u00e9s\u00bb<\/a><\/p>\n","protected":false},"author":66,"featured_media":8702,"comment_status":"closed","ping_status":"closed","sticky":false,"template":"","format":"standard","meta":{"_bbp_topic_count":0,"_bbp_reply_count":0,"_bbp_total_topic_count":0,"_bbp_total_reply_count":0,"_bbp_voice_count":0,"_bbp_anonymous_reply_count":0,"_bbp_topic_count_hidden":0,"_bbp_reply_count_hidden":0,"_bbp_forum_subforum_count":0,"footnotes":""},"categories":[67,341,342,8,119,29],"tags":[],"class_list":["post-8700","post","type-post","status-publish","format-standard","has-post-thumbnail","hentry","category-batx-1","category-batx-1a","category-batx-1b","category-batxillerat","category-depmates","category-portada"],"post_mailing_queue_ids":[],"_links":{"self":[{"href":"https:\/\/agora.xtec.cat\/iesmontbui\/wp-json\/wp\/v2\/posts\/8700","targetHints":{"allow":["GET"]}}],"collection":[{"href":"https:\/\/agora.xtec.cat\/iesmontbui\/wp-json\/wp\/v2\/posts"}],"about":[{"href":"https:\/\/agora.xtec.cat\/iesmontbui\/wp-json\/wp\/v2\/types\/post"}],"author":[{"embeddable":true,"href":"https:\/\/agora.xtec.cat\/iesmontbui\/wp-json\/wp\/v2\/users\/66"}],"replies":[{"embeddable":true,"href":"https:\/\/agora.xtec.cat\/iesmontbui\/wp-json\/wp\/v2\/comments?post=8700"}],"version-history":[{"count":2,"href":"https:\/\/agora.xtec.cat\/iesmontbui\/wp-json\/wp\/v2\/posts\/8700\/revisions"}],"predecessor-version":[{"id":8704,"href":"https:\/\/agora.xtec.cat\/iesmontbui\/wp-json\/wp\/v2\/posts\/8700\/revisions\/8704"}],"wp:featuredmedia":[{"embeddable":true,"href":"https:\/\/agora.xtec.cat\/iesmontbui\/wp-json\/wp\/v2\/media\/8702"}],"wp:attachment":[{"href":"https:\/\/agora.xtec.cat\/iesmontbui\/wp-json\/wp\/v2\/media?parent=8700"}],"wp:term":[{"taxonomy":"category","embeddable":true,"href":"https:\/\/agora.xtec.cat\/iesmontbui\/wp-json\/wp\/v2\/categories?post=8700"},{"taxonomy":"post_tag","embeddable":true,"href":"https:\/\/agora.xtec.cat\/iesmontbui\/wp-json\/wp\/v2\/tags?post=8700"}],"curies":[{"name":"wp","href":"https:\/\/api.w.org\/{rel}","templated":true}]}}