{"id":8667,"date":"2023-06-27T10:22:09","date_gmt":"2023-06-27T08:22:09","guid":{"rendered":"https:\/\/agora.xtec.cat\/iesmontbui\/?p=8667"},"modified":"2023-06-27T10:22:09","modified_gmt":"2023-06-27T08:22:09","slug":"pintem-un-mural-4t-eso","status":"publish","type":"post","link":"https:\/\/agora.xtec.cat\/iesmontbui\/eso\/pintem-un-mural-4t-eso\/","title":{"rendered":"Pintem un Mural! (4t ESO)"},"content":{"rendered":"<p style=\"text-align: justify;\"><span style=\"font-weight: 400;\">La setmana del 12 al 16 de juny, en el marc del projecte d\u2019innovaci\u00f3 AraArt, un grup d\u2019alumnes de 4t d\u2019ESO va realitzar un mural de manera cooperativa.\u00a0 \u201cPintem un mural!\u201d es va realitzar durant 4 dies amb la finalitat de millorar un espai del municipi significatiu pels joves, la paret posterior del magatzem de propietat municipal (antigament cal\u00e7ats Ferrer) al costat de les grades amb \u201cgespa\u201d artificial que hi ha enfront del Mont-\u00c0gora. Som conscients que ser\u00e0 una intervenci\u00f3 ef\u00edmera, ja que hi ha prevista la reforma de l\u2019edifici, per\u00f2 considerem que \u00e9s un espai molt significatiu pel jovent i agra\u00efm a l\u2019Ajuntament la possibilitat d\u2019haver donat el vistiplau.\u00a0<\/span><\/p>\n<p style=\"text-align: justify;\">Pel disseny del mural es va fer una pluja d&#8217;idees amb l&#8217;alumnat de la que es va extreure la idea de representar un prat de margarides, en refer\u00e8ncia al nom del municipi, i la Tossa i el Pont Vell com a elements arquitect\u00f2nics de refer\u00e8ncia. Tamb\u00e9 que fos un espai en el qual hi haguessin representats els joves.<\/p>\n<p style=\"text-align: justify;\"><span style=\"font-weight: 400;\">Vol\u00edem destacar la gran implicaci\u00f3, energia i treball en equip que els alumnes varen dur a terme. La seva for\u00e7a es transmet al mural. Us proposem que el visiteu.<\/span><\/p>\n<p style=\"text-align: justify;\"><span style=\"font-weight: 400;\">Tamb\u00e9 compartim amb vosaltres una s\u00e8rie d\u2019imatges i el v\u00eddeo que en recull el proc\u00e9s.<\/span><\/p>\n<p style=\"text-align: justify;\"><span style=\"font-weight: 400;\">Moltes gr\u00e0cies a tots!<\/span><\/p>\n<p style=\"text-align: justify;\"><span style=\"font-weight: 400;\">Esperem que en gaudiu!<\/span><\/p>\n<p style=\"text-align: right;\"><strong>N\u00faria Mart\u00ed<\/strong><\/p>\n<p><iframe loading=\"lazy\" src=\"https:\/\/drive.google.com\/file\/d\/1_V9nMOEATVwik0KvXF4tlKsqw0DhriOy\/preview\" width=\"640\" height=\"480\"><\/iframe><\/p>\n<p><a href=\"https:\/\/agora.xtec.cat\/iesmontbui\/eso\/pintem-un-mural-4t-eso\/attachment\/copia-de-sin-titulo-1033x\/\" rel=\"attachment wp-att-8668\"><img loading=\"lazy\" decoding=\"async\" class=\"alignnone size-full wp-image-8668\" src=\"https:\/\/agora.xtec.cat\/iesmontbui\/wp-content\/uploads\/usu145\/2023\/06\/Copia-de-Sin-titulo-1@033x.png\" alt=\"\" width=\"1024\" height=\"278\" srcset=\"https:\/\/agora.xtec.cat\/iesmontbui\/wp-content\/uploads\/usu145\/2023\/06\/Copia-de-Sin-titulo-1@033x.png 1024w, https:\/\/agora.xtec.cat\/iesmontbui\/wp-content\/uploads\/usu145\/2023\/06\/Copia-de-Sin-titulo-1@033x-300x81.png 300w, https:\/\/agora.xtec.cat\/iesmontbui\/wp-content\/uploads\/usu145\/2023\/06\/Copia-de-Sin-titulo-1@033x-768x209.png 768w\" sizes=\"auto, (max-width: 1024px) 100vw, 1024px\" \/><\/a><\/p>\n\n\t\t<style type=\"text\/css\">\n\t\t\t#gallery-1 {\n\t\t\t\tmargin: auto;\n\t\t\t}\n\t\t\t#gallery-1 .gallery-item {\n\t\t\t\tfloat: left;\n\t\t\t\tmargin-top: 10px;\n\t\t\t\ttext-align: center;\n\t\t\t\twidth: 16%;\n\t\t\t}\n\t\t\t#gallery-1 img {\n\t\t\t\tborder: 2px solid #cfcfcf;\n\t\t\t}\n\t\t\t#gallery-1 .gallery-caption {\n\t\t\t\tmargin-left: 0;\n\t\t\t}\n\t\t\t\/* see gallery_shortcode() in wp-includes\/media.php *\/\n\t\t<\/style>\n\t\t<div id='gallery-1' class='gallery galleryid-8667 gallery-columns-6 gallery-size-medium'><dl class='gallery-item'>\n\t\t\t<dt class='gallery-icon portrait'>\n\t\t\t\t<a href='https:\/\/agora.xtec.cat\/iesmontbui\/eso\/pintem-un-mural-4t-eso\/attachment\/copia-de-img20230615131118\/'><img loading=\"lazy\" decoding=\"async\" width=\"225\" height=\"300\" src=\"https:\/\/agora.xtec.cat\/iesmontbui\/wp-content\/uploads\/usu145\/2023\/06\/Copia-de-IMG20230615131118-225x300.jpg\" class=\"attachment-medium size-medium\" alt=\"\" srcset=\"https:\/\/agora.xtec.cat\/iesmontbui\/wp-content\/uploads\/usu145\/2023\/06\/Copia-de-IMG20230615131118-225x300.jpg 225w, https:\/\/agora.xtec.cat\/iesmontbui\/wp-content\/uploads\/usu145\/2023\/06\/Copia-de-IMG20230615131118.jpg 768w\" sizes=\"auto, (max-width: 225px) 100vw, 225px\" \/><\/a>\n\t\t\t<\/dt><\/dl><dl class='gallery-item'>\n\t\t\t<dt class='gallery-icon portrait'>\n\t\t\t\t<a href='https:\/\/agora.xtec.cat\/iesmontbui\/eso\/pintem-un-mural-4t-eso\/attachment\/copia-de-img20230615122841\/'><img loading=\"lazy\" decoding=\"async\" width=\"225\" height=\"300\" src=\"https:\/\/agora.xtec.cat\/iesmontbui\/wp-content\/uploads\/usu145\/2023\/06\/Copia-de-IMG20230615122841-225x300.jpg\" class=\"attachment-medium size-medium\" alt=\"\" srcset=\"https:\/\/agora.xtec.cat\/iesmontbui\/wp-content\/uploads\/usu145\/2023\/06\/Copia-de-IMG20230615122841-225x300.jpg 225w, https:\/\/agora.xtec.cat\/iesmontbui\/wp-content\/uploads\/usu145\/2023\/06\/Copia-de-IMG20230615122841.jpg 768w\" sizes=\"auto, (max-width: 225px) 100vw, 225px\" \/><\/a>\n\t\t\t<\/dt><\/dl><dl class='gallery-item'>\n\t\t\t<dt class='gallery-icon portrait'>\n\t\t\t\t<a href='https:\/\/agora.xtec.cat\/iesmontbui\/eso\/pintem-un-mural-4t-eso\/attachment\/copia-de-img_20230615_125157\/'><img loading=\"lazy\" decoding=\"async\" width=\"169\" height=\"300\" src=\"https:\/\/agora.xtec.cat\/iesmontbui\/wp-content\/uploads\/usu145\/2023\/06\/Copia-de-IMG_20230615_125157-169x300.jpg\" class=\"attachment-medium size-medium\" alt=\"\" srcset=\"https:\/\/agora.xtec.cat\/iesmontbui\/wp-content\/uploads\/usu145\/2023\/06\/Copia-de-IMG_20230615_125157-169x300.jpg 169w, https:\/\/agora.xtec.cat\/iesmontbui\/wp-content\/uploads\/usu145\/2023\/06\/Copia-de-IMG_20230615_125157.jpg 576w\" sizes=\"auto, (max-width: 169px) 100vw, 169px\" \/><\/a>\n\t\t\t<\/dt><\/dl><dl class='gallery-item'>\n\t\t\t<dt class='gallery-icon portrait'>\n\t\t\t\t<a href='https:\/\/agora.xtec.cat\/iesmontbui\/eso\/pintem-un-mural-4t-eso\/attachment\/copia-de-img_20230615_114351\/'><img loading=\"lazy\" decoding=\"async\" width=\"169\" height=\"300\" src=\"https:\/\/agora.xtec.cat\/iesmontbui\/wp-content\/uploads\/usu145\/2023\/06\/Copia-de-IMG_20230615_114351-169x300.jpg\" class=\"attachment-medium size-medium\" alt=\"\" srcset=\"https:\/\/agora.xtec.cat\/iesmontbui\/wp-content\/uploads\/usu145\/2023\/06\/Copia-de-IMG_20230615_114351-169x300.jpg 169w, https:\/\/agora.xtec.cat\/iesmontbui\/wp-content\/uploads\/usu145\/2023\/06\/Copia-de-IMG_20230615_114351.jpg 576w\" sizes=\"auto, (max-width: 169px) 100vw, 169px\" \/><\/a>\n\t\t\t<\/dt><\/dl><dl class='gallery-item'>\n\t\t\t<dt class='gallery-icon landscape'>\n\t\t\t\t<a href='https:\/\/agora.xtec.cat\/iesmontbui\/eso\/pintem-un-mural-4t-eso\/attachment\/copia-de-1687164753487\/'><img loading=\"lazy\" decoding=\"async\" width=\"300\" height=\"225\" src=\"https:\/\/agora.xtec.cat\/iesmontbui\/wp-content\/uploads\/usu145\/2023\/06\/Copia-de-1687164753487-300x225.jpg\" class=\"attachment-medium size-medium\" alt=\"\" srcset=\"https:\/\/agora.xtec.cat\/iesmontbui\/wp-content\/uploads\/usu145\/2023\/06\/Copia-de-1687164753487-300x225.jpg 300w, https:\/\/agora.xtec.cat\/iesmontbui\/wp-content\/uploads\/usu145\/2023\/06\/Copia-de-1687164753487-768x576.jpg 768w, https:\/\/agora.xtec.cat\/iesmontbui\/wp-content\/uploads\/usu145\/2023\/06\/Copia-de-1687164753487-200x150.jpg 200w, https:\/\/agora.xtec.cat\/iesmontbui\/wp-content\/uploads\/usu145\/2023\/06\/Copia-de-1687164753487.jpg 1024w\" sizes=\"auto, (max-width: 300px) 100vw, 300px\" \/><\/a>\n\t\t\t<\/dt><\/dl><dl class='gallery-item'>\n\t\t\t<dt class='gallery-icon landscape'>\n\t\t\t\t<a href='https:\/\/agora.xtec.cat\/iesmontbui\/eso\/pintem-un-mural-4t-eso\/attachment\/copia-de-1687164205535\/'><img loading=\"lazy\" decoding=\"async\" width=\"300\" height=\"225\" src=\"https:\/\/agora.xtec.cat\/iesmontbui\/wp-content\/uploads\/usu145\/2023\/06\/Copia-de-1687164205535-300x225.jpg\" class=\"attachment-medium size-medium\" alt=\"\" srcset=\"https:\/\/agora.xtec.cat\/iesmontbui\/wp-content\/uploads\/usu145\/2023\/06\/Copia-de-1687164205535-300x225.jpg 300w, https:\/\/agora.xtec.cat\/iesmontbui\/wp-content\/uploads\/usu145\/2023\/06\/Copia-de-1687164205535-768x576.jpg 768w, https:\/\/agora.xtec.cat\/iesmontbui\/wp-content\/uploads\/usu145\/2023\/06\/Copia-de-1687164205535-200x150.jpg 200w, https:\/\/agora.xtec.cat\/iesmontbui\/wp-content\/uploads\/usu145\/2023\/06\/Copia-de-1687164205535.jpg 1024w\" sizes=\"auto, (max-width: 300px) 100vw, 300px\" \/><\/a>\n\t\t\t<\/dt><\/dl><br style=\"clear: both\" \/><dl class='gallery-item'>\n\t\t\t<dt class='gallery-icon portrait'>\n\t\t\t\t<a href='https:\/\/agora.xtec.cat\/iesmontbui\/eso\/pintem-un-mural-4t-eso\/attachment\/copia-de-1687163954975\/'><img loading=\"lazy\" decoding=\"async\" width=\"225\" height=\"300\" src=\"https:\/\/agora.xtec.cat\/iesmontbui\/wp-content\/uploads\/usu145\/2023\/06\/Copia-de-1687163954975-225x300.jpg\" class=\"attachment-medium size-medium\" alt=\"\" srcset=\"https:\/\/agora.xtec.cat\/iesmontbui\/wp-content\/uploads\/usu145\/2023\/06\/Copia-de-1687163954975-225x300.jpg 225w, https:\/\/agora.xtec.cat\/iesmontbui\/wp-content\/uploads\/usu145\/2023\/06\/Copia-de-1687163954975.jpg 768w\" sizes=\"auto, (max-width: 225px) 100vw, 225px\" \/><\/a>\n\t\t\t<\/dt><\/dl><dl class='gallery-item'>\n\t\t\t<dt class='gallery-icon landscape'>\n\t\t\t\t<a href='https:\/\/agora.xtec.cat\/iesmontbui\/eso\/pintem-un-mural-4t-eso\/attachment\/copia-de-1687163781362\/'><img loading=\"lazy\" decoding=\"async\" width=\"300\" height=\"225\" src=\"https:\/\/agora.xtec.cat\/iesmontbui\/wp-content\/uploads\/usu145\/2023\/06\/Copia-de-1687163781362-300x225.jpg\" class=\"attachment-medium size-medium\" alt=\"\" srcset=\"https:\/\/agora.xtec.cat\/iesmontbui\/wp-content\/uploads\/usu145\/2023\/06\/Copia-de-1687163781362-300x225.jpg 300w, https:\/\/agora.xtec.cat\/iesmontbui\/wp-content\/uploads\/usu145\/2023\/06\/Copia-de-1687163781362-768x576.jpg 768w, https:\/\/agora.xtec.cat\/iesmontbui\/wp-content\/uploads\/usu145\/2023\/06\/Copia-de-1687163781362-200x150.jpg 200w, https:\/\/agora.xtec.cat\/iesmontbui\/wp-content\/uploads\/usu145\/2023\/06\/Copia-de-1687163781362.jpg 1024w\" sizes=\"auto, (max-width: 300px) 100vw, 300px\" \/><\/a>\n\t\t\t<\/dt><\/dl><dl class='gallery-item'>\n\t\t\t<dt class='gallery-icon landscape'>\n\t\t\t\t<a href='https:\/\/agora.xtec.cat\/iesmontbui\/eso\/pintem-un-mural-4t-eso\/attachment\/copia-de-1687163781317\/'><img loading=\"lazy\" decoding=\"async\" width=\"300\" height=\"225\" src=\"https:\/\/agora.xtec.cat\/iesmontbui\/wp-content\/uploads\/usu145\/2023\/06\/Copia-de-1687163781317-300x225.jpg\" class=\"attachment-medium size-medium\" alt=\"\" srcset=\"https:\/\/agora.xtec.cat\/iesmontbui\/wp-content\/uploads\/usu145\/2023\/06\/Copia-de-1687163781317-300x225.jpg 300w, https:\/\/agora.xtec.cat\/iesmontbui\/wp-content\/uploads\/usu145\/2023\/06\/Copia-de-1687163781317-768x576.jpg 768w, https:\/\/agora.xtec.cat\/iesmontbui\/wp-content\/uploads\/usu145\/2023\/06\/Copia-de-1687163781317-200x150.jpg 200w, https:\/\/agora.xtec.cat\/iesmontbui\/wp-content\/uploads\/usu145\/2023\/06\/Copia-de-1687163781317.jpg 1024w\" sizes=\"auto, (max-width: 300px) 100vw, 300px\" \/><\/a>\n\t\t\t<\/dt><\/dl><dl class='gallery-item'>\n\t\t\t<dt class='gallery-icon portrait'>\n\t\t\t\t<a href='https:\/\/agora.xtec.cat\/iesmontbui\/eso\/pintem-un-mural-4t-eso\/attachment\/copia-de-1687163495464\/'><img loading=\"lazy\" decoding=\"async\" width=\"225\" height=\"300\" src=\"https:\/\/agora.xtec.cat\/iesmontbui\/wp-content\/uploads\/usu145\/2023\/06\/Copia-de-1687163495464-225x300.jpg\" class=\"attachment-medium size-medium\" alt=\"\" srcset=\"https:\/\/agora.xtec.cat\/iesmontbui\/wp-content\/uploads\/usu145\/2023\/06\/Copia-de-1687163495464-225x300.jpg 225w, https:\/\/agora.xtec.cat\/iesmontbui\/wp-content\/uploads\/usu145\/2023\/06\/Copia-de-1687163495464.jpg 768w\" sizes=\"auto, (max-width: 225px) 100vw, 225px\" \/><\/a>\n\t\t\t<\/dt><\/dl><dl class='gallery-item'>\n\t\t\t<dt class='gallery-icon portrait'>\n\t\t\t\t<a href='https:\/\/agora.xtec.cat\/iesmontbui\/eso\/pintem-un-mural-4t-eso\/attachment\/copia-de-1687163495400\/'><img loading=\"lazy\" decoding=\"async\" width=\"225\" height=\"300\" src=\"https:\/\/agora.xtec.cat\/iesmontbui\/wp-content\/uploads\/usu145\/2023\/06\/Copia-de-1687163495400-225x300.jpg\" class=\"attachment-medium size-medium\" alt=\"\" srcset=\"https:\/\/agora.xtec.cat\/iesmontbui\/wp-content\/uploads\/usu145\/2023\/06\/Copia-de-1687163495400-225x300.jpg 225w, https:\/\/agora.xtec.cat\/iesmontbui\/wp-content\/uploads\/usu145\/2023\/06\/Copia-de-1687163495400.jpg 768w\" sizes=\"auto, (max-width: 225px) 100vw, 225px\" \/><\/a>\n\t\t\t<\/dt><\/dl><dl class='gallery-item'>\n\t\t\t<dt class='gallery-icon portrait'>\n\t\t\t\t<a href='https:\/\/agora.xtec.cat\/iesmontbui\/eso\/pintem-un-mural-4t-eso\/attachment\/copia-de-1687163495362\/'><img loading=\"lazy\" decoding=\"async\" width=\"225\" height=\"300\" src=\"https:\/\/agora.xtec.cat\/iesmontbui\/wp-content\/uploads\/usu145\/2023\/06\/Copia-de-1687163495362-225x300.jpg\" class=\"attachment-medium size-medium\" alt=\"\" srcset=\"https:\/\/agora.xtec.cat\/iesmontbui\/wp-content\/uploads\/usu145\/2023\/06\/Copia-de-1687163495362-225x300.jpg 225w, https:\/\/agora.xtec.cat\/iesmontbui\/wp-content\/uploads\/usu145\/2023\/06\/Copia-de-1687163495362.jpg 768w\" sizes=\"auto, (max-width: 225px) 100vw, 225px\" \/><\/a>\n\t\t\t<\/dt><\/dl><br style=\"clear: both\" \/>\n\t\t<\/div>\n\n","protected":false},"excerpt":{"rendered":"<p>La setmana del 12 al 16 de juny, en el marc del projecte d\u2019innovaci\u00f3 AraArt, un grup d\u2019alumnes de 4t d\u2019ESO va realitzar un mural de manera cooperativa.\u00a0 \u201cPintem un mural!\u201d es va realitzar durant 4 dies amb la finalitat de millorar un espai del&hellip;  <a href=\"https:\/\/agora.xtec.cat\/iesmontbui\/eso\/pintem-un-mural-4t-eso\/\" title=\"Read Pintem un Mural! (4t ESO)\">Llegeix m\u00e9s\u00bb<\/a><\/p>\n","protected":false},"author":66,"featured_media":8673,"comment_status":"closed","ping_status":"closed","sticky":false,"template":"","format":"standard","meta":{"_bbp_topic_count":0,"_bbp_reply_count":0,"_bbp_total_topic_count":0,"_bbp_total_reply_count":0,"_bbp_voice_count":0,"_bbp_anonymous_reply_count":0,"_bbp_topic_count_hidden":0,"_bbp_reply_count_hidden":0,"_bbp_forum_subforum_count":0,"footnotes":""},"categories":[121,3,7,24,25,26,66,354,29],"tags":[],"class_list":["post-8667","post","type-post","status-publish","format-standard","has-post-thumbnail","hentry","category-depexpressio","category-eso","category-eso-4","category-eso-4a","category-eso-4b","category-eso-4c","category-eso_4d","category-eso-4e","category-portada"],"post_mailing_queue_ids":[],"_links":{"self":[{"href":"https:\/\/agora.xtec.cat\/iesmontbui\/wp-json\/wp\/v2\/posts\/8667","targetHints":{"allow":["GET"]}}],"collection":[{"href":"https:\/\/agora.xtec.cat\/iesmontbui\/wp-json\/wp\/v2\/posts"}],"about":[{"href":"https:\/\/agora.xtec.cat\/iesmontbui\/wp-json\/wp\/v2\/types\/post"}],"author":[{"embeddable":true,"href":"https:\/\/agora.xtec.cat\/iesmontbui\/wp-json\/wp\/v2\/users\/66"}],"replies":[{"embeddable":true,"href":"https:\/\/agora.xtec.cat\/iesmontbui\/wp-json\/wp\/v2\/comments?post=8667"}],"version-history":[{"count":2,"href":"https:\/\/agora.xtec.cat\/iesmontbui\/wp-json\/wp\/v2\/posts\/8667\/revisions"}],"predecessor-version":[{"id":8682,"href":"https:\/\/agora.xtec.cat\/iesmontbui\/wp-json\/wp\/v2\/posts\/8667\/revisions\/8682"}],"wp:featuredmedia":[{"embeddable":true,"href":"https:\/\/agora.xtec.cat\/iesmontbui\/wp-json\/wp\/v2\/media\/8673"}],"wp:attachment":[{"href":"https:\/\/agora.xtec.cat\/iesmontbui\/wp-json\/wp\/v2\/media?parent=8667"}],"wp:term":[{"taxonomy":"category","embeddable":true,"href":"https:\/\/agora.xtec.cat\/iesmontbui\/wp-json\/wp\/v2\/categories?post=8667"},{"taxonomy":"post_tag","embeddable":true,"href":"https:\/\/agora.xtec.cat\/iesmontbui\/wp-json\/wp\/v2\/tags?post=8667"}],"curies":[{"name":"wp","href":"https:\/\/api.w.org\/{rel}","templated":true}]}}