{"id":8566,"date":"2023-06-04T23:19:32","date_gmt":"2023-06-04T21:19:32","guid":{"rendered":"https:\/\/agora.xtec.cat\/iesmontbui\/?p=8566"},"modified":"2023-06-06T21:14:17","modified_gmt":"2023-06-06T19:14:17","slug":"concert-sons-de-festa-major","status":"publish","type":"post","link":"https:\/\/agora.xtec.cat\/iesmontbui\/eso\/concert-sons-de-festa-major\/","title":{"rendered":"Concert Sons de Festa Major"},"content":{"rendered":"<p style=\"text-align: justify;\">El proper dimarts 6 de juny, dintre de la Setmana de les Arts organitzada per l&#8217;Ajuntament de Santa Margarida de Montbui (<a href=\"https:\/\/www.montbui.cat\/actualitat\/hemeroteca\/3146-montbui-celebrara-una-nova-edicio-de-la-setmana-de-les-arts.html\">m\u00e9s informaci\u00f3 en aquest enlla\u00e7<\/a>), tindr\u00e0 lloc el concert\u00a0<strong><em>Sons de Festa Major<\/em><\/strong>, un espectacle que comptar\u00e0 amb la participaci\u00f3 de l&#8217;alumnat de 6\u00e8 dels diferents centres de prim\u00e0ria de la vila i tamb\u00e9 dels diferents grups corals i orquestres de l&#8217;Institut.<\/p>\n<p style=\"text-align: justify;\">L&#8217;espectacle, <strong>obert a les fam\u00edlies<\/strong>, comen\u00e7ar\u00e0 a les 11:30 h. a la Sala gran del Mont-\u00c0gora, i es preveu una duraci\u00f3 aproximada d&#8217;una hora.<\/p>\n<p style=\"text-align: justify;\">Per part del centre participaran l&#8217;<strong>Orquestra de corda\u00a0<\/strong>de 1r d&#8217;ESO, l&#8217;<strong>Orquestra de vent\u00a0<\/strong>de 2n i 3r d&#8217;ESO i la\u00a0<strong>Coral del centre<\/strong>, formada per alumnat de tots els nivells.<\/p>\n<p>Us deixem el cartell promocional amb la resta d&#8217;actes d&#8217;aquesta\u00a0<strong>Setmana de les Arts 22-23<\/strong>.<\/p>\n<p style=\"text-align: right;\"><strong>Comunicaci\u00f3<\/strong><\/p>\n<p><a href=\"https:\/\/agora.xtec.cat\/iesmontbui\/eso\/concert-sons-de-festa-major\/attachment\/setmana_arts__\/\" rel=\"attachment wp-att-8567\"><img loading=\"lazy\" decoding=\"async\" class=\"alignnone size-full wp-image-8567\" src=\"https:\/\/agora.xtec.cat\/iesmontbui\/wp-content\/uploads\/usu145\/2023\/06\/SETMANA_ARTS__.jpg\" alt=\"\" width=\"1414\" height=\"2000\" srcset=\"https:\/\/agora.xtec.cat\/iesmontbui\/wp-content\/uploads\/usu145\/2023\/06\/SETMANA_ARTS__.jpg 1414w, https:\/\/agora.xtec.cat\/iesmontbui\/wp-content\/uploads\/usu145\/2023\/06\/SETMANA_ARTS__-212x300.jpg 212w, https:\/\/agora.xtec.cat\/iesmontbui\/wp-content\/uploads\/usu145\/2023\/06\/SETMANA_ARTS__-724x1024.jpg 724w, https:\/\/agora.xtec.cat\/iesmontbui\/wp-content\/uploads\/usu145\/2023\/06\/SETMANA_ARTS__-768x1086.jpg 768w, https:\/\/agora.xtec.cat\/iesmontbui\/wp-content\/uploads\/usu145\/2023\/06\/SETMANA_ARTS__-1086x1536.jpg 1086w\" sizes=\"auto, (max-width: 1414px) 100vw, 1414px\" \/><\/a><\/p>\n","protected":false},"excerpt":{"rendered":"<p>El proper dimarts 6 de juny, dintre de la Setmana de les Arts organitzada per l&#8217;Ajuntament de Santa Margarida de Montbui (<a href=\"https:\/\/www.montbui.cat\/actualitat\/hemeroteca\/3146-montbui-celebrara-una-nova-edicio-de-la-setmana-de-les-arts.html\">m\u00e9s informaci\u00f3 en aquest enlla\u00e7<\/a>), tindr\u00e0 lloc el concert\u00a0Sons de Festa Major, un espectacle que comptar\u00e0 amb la participaci\u00f3 de l&#8217;alumnat de 6\u00e8&hellip;  <a href=\"https:\/\/agora.xtec.cat\/iesmontbui\/eso\/concert-sons-de-festa-major\/\" title=\"Read Concert Sons de Festa Major\">Llegeix m\u00e9s\u00bb<\/a><\/p>\n","protected":false},"author":66,"featured_media":8568,"comment_status":"closed","ping_status":"closed","sticky":false,"template":"","format":"standard","meta":{"_bbp_topic_count":0,"_bbp_reply_count":0,"_bbp_total_topic_count":0,"_bbp_total_reply_count":0,"_bbp_voice_count":0,"_bbp_anonymous_reply_count":0,"_bbp_topic_count_hidden":0,"_bbp_reply_count_hidden":0,"_bbp_forum_subforum_count":0,"footnotes":""},"categories":[98,161,121,3,4,5,6,7,29],"tags":[],"class_list":["post-8566","post","type-post","status-publish","format-standard","has-post-thumbnail","hentry","category-comunicats","category-coral","category-depexpressio","category-eso","category-eso-1","category-eso-2","category-eso-3","category-eso-4","category-portada"],"post_mailing_queue_ids":[],"_links":{"self":[{"href":"https:\/\/agora.xtec.cat\/iesmontbui\/wp-json\/wp\/v2\/posts\/8566","targetHints":{"allow":["GET"]}}],"collection":[{"href":"https:\/\/agora.xtec.cat\/iesmontbui\/wp-json\/wp\/v2\/posts"}],"about":[{"href":"https:\/\/agora.xtec.cat\/iesmontbui\/wp-json\/wp\/v2\/types\/post"}],"author":[{"embeddable":true,"href":"https:\/\/agora.xtec.cat\/iesmontbui\/wp-json\/wp\/v2\/users\/66"}],"replies":[{"embeddable":true,"href":"https:\/\/agora.xtec.cat\/iesmontbui\/wp-json\/wp\/v2\/comments?post=8566"}],"version-history":[{"count":2,"href":"https:\/\/agora.xtec.cat\/iesmontbui\/wp-json\/wp\/v2\/posts\/8566\/revisions"}],"predecessor-version":[{"id":8570,"href":"https:\/\/agora.xtec.cat\/iesmontbui\/wp-json\/wp\/v2\/posts\/8566\/revisions\/8570"}],"wp:featuredmedia":[{"embeddable":true,"href":"https:\/\/agora.xtec.cat\/iesmontbui\/wp-json\/wp\/v2\/media\/8568"}],"wp:attachment":[{"href":"https:\/\/agora.xtec.cat\/iesmontbui\/wp-json\/wp\/v2\/media?parent=8566"}],"wp:term":[{"taxonomy":"category","embeddable":true,"href":"https:\/\/agora.xtec.cat\/iesmontbui\/wp-json\/wp\/v2\/categories?post=8566"},{"taxonomy":"post_tag","embeddable":true,"href":"https:\/\/agora.xtec.cat\/iesmontbui\/wp-json\/wp\/v2\/tags?post=8566"}],"curies":[{"name":"wp","href":"https:\/\/api.w.org\/{rel}","templated":true}]}}