{"id":8496,"date":"2023-05-15T11:20:46","date_gmt":"2023-05-15T09:20:46","guid":{"rendered":"https:\/\/agora.xtec.cat\/iesmontbui\/?p=8496"},"modified":"2023-05-15T16:55:35","modified_gmt":"2023-05-15T14:55:35","slug":"visita-a-montserrat-aula-dacollida-2","status":"publish","type":"post","link":"https:\/\/agora.xtec.cat\/iesmontbui\/general\/visita-a-montserrat-aula-dacollida-2\/","title":{"rendered":"Visita a Montserrat (Aula d&#8217;acollida)"},"content":{"rendered":"<p style=\"text-align: justify;\">Avui, dia 12\/05\/2023, l&#8217;alumnat d&#8217;aula d&#8217;acollida hem anat d&#8217;excursi\u00f3 a Montserrat. L&#8217;autob\u00fas ens ha deixat a la pla\u00e7a de vora el funicular, hem anat al monestir i a visitar la Moreneta. Despr\u00e9s hem anat fins a la Creu de Sant Miquel, on n&#8217;hem admirat les vistes i a l&#8217;ermita de Sant Miquel, on hem passejat, corregut i jugat una estona per l&#8217;entorn. Hem observat les plantes i alguns hem tastat la jon\u00e7a i hem olorat la sajolida i la farigola. Tamb\u00e9 hem caminat per un caminet que hi ha a prop del monestir.\u00a0 El temps ha estat bo, no hem passat ni fred ni calor i ha aguantat sense ploure fins a l&#8217;hora de tornar, que llavors s\u00ed que ha plogut! I prou que feia una bona falta.<\/p>\n<p style=\"text-align: right;\"><strong>Anna Sabata<\/strong><\/p>\n\n\t\t<style type=\"text\/css\">\n\t\t\t#gallery-1 {\n\t\t\t\tmargin: auto;\n\t\t\t}\n\t\t\t#gallery-1 .gallery-item {\n\t\t\t\tfloat: left;\n\t\t\t\tmargin-top: 10px;\n\t\t\t\ttext-align: center;\n\t\t\t\twidth: 33%;\n\t\t\t}\n\t\t\t#gallery-1 img {\n\t\t\t\tborder: 2px solid #cfcfcf;\n\t\t\t}\n\t\t\t#gallery-1 .gallery-caption {\n\t\t\t\tmargin-left: 0;\n\t\t\t}\n\t\t\t\/* see gallery_shortcode() in wp-includes\/media.php *\/\n\t\t<\/style>\n\t\t<div id='gallery-1' class='gallery galleryid-8496 gallery-columns-3 gallery-size-medium'><dl class='gallery-item'>\n\t\t\t<dt class='gallery-icon landscape'>\n\t\t\t\t<a href='https:\/\/agora.xtec.cat\/iesmontbui\/general\/visita-a-montserrat-aula-dacollida-2\/attachment\/20230512_093200\/'><img loading=\"lazy\" decoding=\"async\" width=\"300\" height=\"225\" src=\"https:\/\/agora.xtec.cat\/iesmontbui\/wp-content\/uploads\/usu145\/2023\/05\/20230512_093200-300x225.jpg\" class=\"attachment-medium size-medium\" alt=\"\" srcset=\"https:\/\/agora.xtec.cat\/iesmontbui\/wp-content\/uploads\/usu145\/2023\/05\/20230512_093200-300x225.jpg 300w, https:\/\/agora.xtec.cat\/iesmontbui\/wp-content\/uploads\/usu145\/2023\/05\/20230512_093200-768x576.jpg 768w, https:\/\/agora.xtec.cat\/iesmontbui\/wp-content\/uploads\/usu145\/2023\/05\/20230512_093200-200x150.jpg 200w, https:\/\/agora.xtec.cat\/iesmontbui\/wp-content\/uploads\/usu145\/2023\/05\/20230512_093200.jpg 1024w\" sizes=\"auto, (max-width: 300px) 100vw, 300px\" \/><\/a>\n\t\t\t<\/dt><\/dl><dl class='gallery-item'>\n\t\t\t<dt class='gallery-icon landscape'>\n\t\t\t\t<a href='https:\/\/agora.xtec.cat\/iesmontbui\/general\/visita-a-montserrat-aula-dacollida-2\/attachment\/20230512_093326\/'><img loading=\"lazy\" decoding=\"async\" width=\"300\" height=\"225\" src=\"https:\/\/agora.xtec.cat\/iesmontbui\/wp-content\/uploads\/usu145\/2023\/05\/20230512_093326-300x225.jpg\" class=\"attachment-medium size-medium\" alt=\"\" srcset=\"https:\/\/agora.xtec.cat\/iesmontbui\/wp-content\/uploads\/usu145\/2023\/05\/20230512_093326-300x225.jpg 300w, https:\/\/agora.xtec.cat\/iesmontbui\/wp-content\/uploads\/usu145\/2023\/05\/20230512_093326-768x576.jpg 768w, https:\/\/agora.xtec.cat\/iesmontbui\/wp-content\/uploads\/usu145\/2023\/05\/20230512_093326-200x150.jpg 200w, https:\/\/agora.xtec.cat\/iesmontbui\/wp-content\/uploads\/usu145\/2023\/05\/20230512_093326.jpg 1024w\" sizes=\"auto, (max-width: 300px) 100vw, 300px\" \/><\/a>\n\t\t\t<\/dt><\/dl><dl class='gallery-item'>\n\t\t\t<dt class='gallery-icon landscape'>\n\t\t\t\t<a href='https:\/\/agora.xtec.cat\/iesmontbui\/general\/visita-a-montserrat-aula-dacollida-2\/attachment\/1683921280271\/'><img loading=\"lazy\" decoding=\"async\" width=\"300\" height=\"300\" src=\"https:\/\/agora.xtec.cat\/iesmontbui\/wp-content\/uploads\/usu145\/2023\/05\/1683921280271-300x300.jpg\" class=\"attachment-medium size-medium\" alt=\"\" srcset=\"https:\/\/agora.xtec.cat\/iesmontbui\/wp-content\/uploads\/usu145\/2023\/05\/1683921280271-300x300.jpg 300w, https:\/\/agora.xtec.cat\/iesmontbui\/wp-content\/uploads\/usu145\/2023\/05\/1683921280271.jpg 1024w, https:\/\/agora.xtec.cat\/iesmontbui\/wp-content\/uploads\/usu145\/2023\/05\/1683921280271-150x150.jpg 150w, https:\/\/agora.xtec.cat\/iesmontbui\/wp-content\/uploads\/usu145\/2023\/05\/1683921280271-768x768.jpg 768w\" sizes=\"auto, (max-width: 300px) 100vw, 300px\" \/><\/a>\n\t\t\t<\/dt><\/dl><br style=\"clear: both\" \/>\n\t\t<\/div>\n\n","protected":false},"excerpt":{"rendered":"<p>Avui, dia 12\/05\/2023, l&#8217;alumnat d&#8217;aula d&#8217;acollida hem anat d&#8217;excursi\u00f3 a Montserrat. L&#8217;autob\u00fas ens ha deixat a la pla\u00e7a de vora el funicular, hem anat al monestir i a visitar la Moreneta. Despr\u00e9s hem anat fins a la Creu de Sant Miquel, on n&#8217;hem admirat les&hellip;  <a href=\"https:\/\/agora.xtec.cat\/iesmontbui\/general\/visita-a-montserrat-aula-dacollida-2\/\" title=\"Read Visita a Montserrat (Aula d&#8217;acollida)\">Llegeix m\u00e9s\u00bb<\/a><\/p>\n","protected":false},"author":66,"featured_media":8499,"comment_status":"open","ping_status":"closed","sticky":false,"template":"","format":"standard","meta":{"_bbp_topic_count":0,"_bbp_reply_count":0,"_bbp_total_topic_count":0,"_bbp_total_reply_count":0,"_bbp_voice_count":0,"_bbp_anonymous_reply_count":0,"_bbp_topic_count_hidden":0,"_bbp_reply_count_hidden":0,"_bbp_forum_subforum_count":0,"footnotes":""},"categories":[125,1,29],"tags":[],"class_list":["post-8496","post","type-post","status-publish","format-standard","has-post-thumbnail","hentry","category-depllengues","category-general","category-portada"],"post_mailing_queue_ids":[],"_links":{"self":[{"href":"https:\/\/agora.xtec.cat\/iesmontbui\/wp-json\/wp\/v2\/posts\/8496","targetHints":{"allow":["GET"]}}],"collection":[{"href":"https:\/\/agora.xtec.cat\/iesmontbui\/wp-json\/wp\/v2\/posts"}],"about":[{"href":"https:\/\/agora.xtec.cat\/iesmontbui\/wp-json\/wp\/v2\/types\/post"}],"author":[{"embeddable":true,"href":"https:\/\/agora.xtec.cat\/iesmontbui\/wp-json\/wp\/v2\/users\/66"}],"replies":[{"embeddable":true,"href":"https:\/\/agora.xtec.cat\/iesmontbui\/wp-json\/wp\/v2\/comments?post=8496"}],"version-history":[{"count":2,"href":"https:\/\/agora.xtec.cat\/iesmontbui\/wp-json\/wp\/v2\/posts\/8496\/revisions"}],"predecessor-version":[{"id":8501,"href":"https:\/\/agora.xtec.cat\/iesmontbui\/wp-json\/wp\/v2\/posts\/8496\/revisions\/8501"}],"wp:featuredmedia":[{"embeddable":true,"href":"https:\/\/agora.xtec.cat\/iesmontbui\/wp-json\/wp\/v2\/media\/8499"}],"wp:attachment":[{"href":"https:\/\/agora.xtec.cat\/iesmontbui\/wp-json\/wp\/v2\/media?parent=8496"}],"wp:term":[{"taxonomy":"category","embeddable":true,"href":"https:\/\/agora.xtec.cat\/iesmontbui\/wp-json\/wp\/v2\/categories?post=8496"},{"taxonomy":"post_tag","embeddable":true,"href":"https:\/\/agora.xtec.cat\/iesmontbui\/wp-json\/wp\/v2\/tags?post=8496"}],"curies":[{"name":"wp","href":"https:\/\/api.w.org\/{rel}","templated":true}]}}