{"id":8485,"date":"2023-05-08T10:58:23","date_gmt":"2023-05-08T08:58:23","guid":{"rendered":"https:\/\/agora.xtec.cat\/iesmontbui\/?p=8485"},"modified":"2023-05-08T10:58:23","modified_gmt":"2023-05-08T08:58:23","slug":"pintem-un-mural-proposta-participativa","status":"publish","type":"post","link":"https:\/\/agora.xtec.cat\/iesmontbui\/eso\/pintem-un-mural-proposta-participativa\/","title":{"rendered":"Pintem un mural! Proposta participativa"},"content":{"rendered":"<p style=\"text-align: justify;\"><span style=\"font-weight: 400;\">Des de l\u2019Institut Montbui, en el marc del projecte d\u2019innovaci\u00f3 AraArt dins del Treball globalitzat s\u2019ofereix a l\u2019alumnat de 4t la proposta \u201cPintem un mural!\u201d. Durant la segona setmana del mes de juny un grup d\u2019uns 20 alumnes realitzar\u00e0 un mural de manera cooperativa amb la finalitat de millorar un espai com\u00fa de l\u2019entorn proper.\u00a0<\/span><\/p>\n<p style=\"text-align: justify;\"><span style=\"font-weight: 400;\">Aquest curs, gr\u00e0cies a l\u2019Ajuntament, ens agradaria intervenir en un espai com\u00fa del municipi significatiu pels joves, ja que tenim el convenciment que implicar els alumnes en la millora de l\u2019espai p\u00fablic forma part dels aprenentatges necessaris i la idea de societat que els volem transmetre.<\/span><\/p>\n<p style=\"text-align: justify;\"><span style=\"font-weight: 400;\">El realitzarem a la paret posterior del magatzem de propietat municipal (antigament cal\u00e7ats Ferrer) al costat de les grades amb \u201cgespa\u201d artificial que hi ha enfront del Mont-\u00c0gora. Som conscients que ser\u00e0 una intervenci\u00f3 ef\u00edmera, ja que hi ha prevista la reforma de l\u2019edifici, per\u00f2 considerem que \u00e9s un espai molt significatiu pel jovent.<\/span><\/p>\n<p style=\"text-align: justify;\"><span style=\"font-weight: 400;\">Ens agradaria que els joves de Montbui sentissin com propi aquest mural. Per aquesta ra\u00f3, proposem volem obrir a tot l\u2019alumnat de l\u2019Institut i el jovent del municipi la possibilitat que ens facin arribar les seves propostes.\u00a0<\/span><\/p>\n<p style=\"text-align: justify;\"><span style=\"font-weight: 400;\">La <\/span><a href=\"https:\/\/drive.google.com\/file\/d\/1UrCIe1_fyoWNurYgyDO4HBreLUELfO8T\/view?usp=sharing\"><span style=\"font-weight: 400;\">FITXA: PINTEM UN MURAL<\/span><\/a><span style=\"font-weight: 400;\"> est\u00e0 pensada per recollir l\u2019opini\u00f3 dels joves en relaci\u00f3 amb el que volen que hi hagi representat al mural. Us la podeu descarregar o recollir-la a consergeria.<\/span><\/p>\n<p style=\"text-align: justify;\"><span style=\"font-weight: 400;\">Les propostes recollides a trav\u00e9s de la fitxa serien la base a partir de la qual comen\u00e7ar a dissenyar el mural. Ens les podeu fer arribar a la b\u00fastia davant de consergeria o per correu electr\u00f2nic (nuria.marti@imontbui.org) fins al dia 29 de maig.<\/span><\/p>\n<p>Us deixem una mostra dels cursos anteriors perqu\u00e8 us motivin:<\/p>\n<p><iframe loading=\"lazy\" src=\"https:\/\/drive.google.com\/file\/d\/1Lx9OAJZ9RSG04oZpzDuA9_h0JFPCiskJ\/preview\" width=\"640\" height=\"480\"><\/iframe><br \/>\n<iframe loading=\"lazy\" src=\"https:\/\/docs.google.com\/presentation\/d\/e\/2PACX-1vQKYjrfIJRlzNgkxyEXlkuzk7X_dUF_ovVZOCt8ByM9Bik-gxNIBPWMWujKfrO2a-WPFq9qhaKVkxam\/embed?start=false&amp;loop=false&amp;delayms=5000\" width=\"480\" height=\"299\" frameborder=\"0\" allowfullscreen=\"allowfullscreen\"><\/iframe><\/p>\n<p style=\"text-align: justify;\"><span style=\"font-weight: 400;\">Animeu-vos a participar!<\/span><\/p>\n<p style=\"text-align: right;\"><strong>N\u00faria Mart\u00ed<\/strong><\/p>\n","protected":false},"excerpt":{"rendered":"<p>Des de l\u2019Institut Montbui, en el marc del projecte d\u2019innovaci\u00f3 AraArt dins del Treball globalitzat s\u2019ofereix a l\u2019alumnat de 4t la proposta \u201cPintem un mural!\u201d. Durant la segona setmana del mes de juny un grup d\u2019uns 20 alumnes realitzar\u00e0 un mural de manera cooperativa amb&hellip;  <a href=\"https:\/\/agora.xtec.cat\/iesmontbui\/eso\/pintem-un-mural-proposta-participativa\/\" title=\"Read Pintem un mural! Proposta participativa\">Llegeix m\u00e9s\u00bb<\/a><\/p>\n","protected":false},"author":66,"featured_media":8486,"comment_status":"open","ping_status":"closed","sticky":false,"template":"","format":"standard","meta":{"_bbp_topic_count":0,"_bbp_reply_count":0,"_bbp_total_topic_count":0,"_bbp_total_reply_count":0,"_bbp_voice_count":0,"_bbp_anonymous_reply_count":0,"_bbp_topic_count_hidden":0,"_bbp_reply_count_hidden":0,"_bbp_forum_subforum_count":0,"footnotes":""},"categories":[190,121,3,7,24,25,26,66,354,29],"tags":[],"class_list":["post-8485","post","type-post","status-publish","format-standard","has-post-thumbnail","hentry","category-araart","category-depexpressio","category-eso","category-eso-4","category-eso-4a","category-eso-4b","category-eso-4c","category-eso_4d","category-eso-4e","category-portada"],"post_mailing_queue_ids":[],"_links":{"self":[{"href":"https:\/\/agora.xtec.cat\/iesmontbui\/wp-json\/wp\/v2\/posts\/8485","targetHints":{"allow":["GET"]}}],"collection":[{"href":"https:\/\/agora.xtec.cat\/iesmontbui\/wp-json\/wp\/v2\/posts"}],"about":[{"href":"https:\/\/agora.xtec.cat\/iesmontbui\/wp-json\/wp\/v2\/types\/post"}],"author":[{"embeddable":true,"href":"https:\/\/agora.xtec.cat\/iesmontbui\/wp-json\/wp\/v2\/users\/66"}],"replies":[{"embeddable":true,"href":"https:\/\/agora.xtec.cat\/iesmontbui\/wp-json\/wp\/v2\/comments?post=8485"}],"version-history":[{"count":1,"href":"https:\/\/agora.xtec.cat\/iesmontbui\/wp-json\/wp\/v2\/posts\/8485\/revisions"}],"predecessor-version":[{"id":8487,"href":"https:\/\/agora.xtec.cat\/iesmontbui\/wp-json\/wp\/v2\/posts\/8485\/revisions\/8487"}],"wp:featuredmedia":[{"embeddable":true,"href":"https:\/\/agora.xtec.cat\/iesmontbui\/wp-json\/wp\/v2\/media\/8486"}],"wp:attachment":[{"href":"https:\/\/agora.xtec.cat\/iesmontbui\/wp-json\/wp\/v2\/media?parent=8485"}],"wp:term":[{"taxonomy":"category","embeddable":true,"href":"https:\/\/agora.xtec.cat\/iesmontbui\/wp-json\/wp\/v2\/categories?post=8485"},{"taxonomy":"post_tag","embeddable":true,"href":"https:\/\/agora.xtec.cat\/iesmontbui\/wp-json\/wp\/v2\/tags?post=8485"}],"curies":[{"name":"wp","href":"https:\/\/api.w.org\/{rel}","templated":true}]}}