{"id":8422,"date":"2023-04-20T12:17:22","date_gmt":"2023-04-20T10:17:22","guid":{"rendered":"https:\/\/agora.xtec.cat\/iesmontbui\/?p=8422"},"modified":"2023-04-25T17:11:19","modified_gmt":"2023-04-25T15:11:19","slug":"preinscripcio-batxillerat-curs-2023-24","status":"publish","type":"post","link":"https:\/\/agora.xtec.cat\/iesmontbui\/portada\/preinscripcio-batxillerat-curs-2023-24\/","title":{"rendered":"Preinscripci\u00f3 Batxillerat curs 2023-24"},"content":{"rendered":"<p>Benvolgudes fam\u00edlies,<\/p>\n<p style=\"text-align: justify;\">us informem que del 19 al 25 d&#8217;abril s&#8217;obre el per\u00edode de preinscripci\u00f3 per a cursar Batxillerat al nostre centre. Trobareu m\u00e9s informaci\u00f3 al seg\u00fcent enlla\u00e7:<\/p>\n<p><a href=\"https:\/\/agora.xtec.cat\/iesmontbui\/organitzacio-de-centre\/secretaria\/preinscripcio-i-matricula-batxillerat\/\">Preinscripci\u00f3 Batxillerat curs 2023-2024<\/a><\/p>\n<p style=\"text-align: right;\"><strong>Comunicaci\u00f3<\/strong><\/p>\n<p style=\"text-align: right;\">\n","protected":false},"excerpt":{"rendered":"<p>Benvolgudes fam\u00edlies,<br \/>\nus informem que del 19 al 25 d&#8217;abril s&#8217;obre el per\u00edode de preinscripci\u00f3 per a cursar Batxillerat al nostre centre. Trobareu m\u00e9s informaci\u00f3 al seg\u00fcent enlla\u00e7:<br \/>\n<a href=\"https:\/\/agora.xtec.cat\/iesmontbui\/organitzacio-de-centre\/secretaria\/preinscripcio-i-matricula-batxillerat\/\">Preinscripci\u00f3 Batxillerat curs 2023-2024<\/a><br \/>\nComunicaci\u00f3<\/p>\n","protected":false},"author":66,"featured_media":8423,"comment_status":"closed","ping_status":"closed","sticky":false,"template":"","format":"standard","meta":{"_bbp_topic_count":0,"_bbp_reply_count":0,"_bbp_total_topic_count":0,"_bbp_total_reply_count":0,"_bbp_voice_count":0,"_bbp_anonymous_reply_count":0,"_bbp_topic_count_hidden":0,"_bbp_reply_count_hidden":0,"_bbp_forum_subforum_count":0,"footnotes":""},"categories":[98,62,29],"tags":[],"class_list":["post-8422","post","type-post","status-publish","format-standard","has-post-thumbnail","hentry","category-comunicats","category-orgacentre","category-portada"],"post_mailing_queue_ids":[],"_links":{"self":[{"href":"https:\/\/agora.xtec.cat\/iesmontbui\/wp-json\/wp\/v2\/posts\/8422","targetHints":{"allow":["GET"]}}],"collection":[{"href":"https:\/\/agora.xtec.cat\/iesmontbui\/wp-json\/wp\/v2\/posts"}],"about":[{"href":"https:\/\/agora.xtec.cat\/iesmontbui\/wp-json\/wp\/v2\/types\/post"}],"author":[{"embeddable":true,"href":"https:\/\/agora.xtec.cat\/iesmontbui\/wp-json\/wp\/v2\/users\/66"}],"replies":[{"embeddable":true,"href":"https:\/\/agora.xtec.cat\/iesmontbui\/wp-json\/wp\/v2\/comments?post=8422"}],"version-history":[{"count":2,"href":"https:\/\/agora.xtec.cat\/iesmontbui\/wp-json\/wp\/v2\/posts\/8422\/revisions"}],"predecessor-version":[{"id":8427,"href":"https:\/\/agora.xtec.cat\/iesmontbui\/wp-json\/wp\/v2\/posts\/8422\/revisions\/8427"}],"wp:featuredmedia":[{"embeddable":true,"href":"https:\/\/agora.xtec.cat\/iesmontbui\/wp-json\/wp\/v2\/media\/8423"}],"wp:attachment":[{"href":"https:\/\/agora.xtec.cat\/iesmontbui\/wp-json\/wp\/v2\/media?parent=8422"}],"wp:term":[{"taxonomy":"category","embeddable":true,"href":"https:\/\/agora.xtec.cat\/iesmontbui\/wp-json\/wp\/v2\/categories?post=8422"},{"taxonomy":"post_tag","embeddable":true,"href":"https:\/\/agora.xtec.cat\/iesmontbui\/wp-json\/wp\/v2\/tags?post=8422"}],"curies":[{"name":"wp","href":"https:\/\/api.w.org\/{rel}","templated":true}]}}