{"id":8404,"date":"2023-04-18T12:00:56","date_gmt":"2023-04-18T10:00:56","guid":{"rendered":"https:\/\/agora.xtec.cat\/iesmontbui\/?p=8404"},"modified":"2023-04-18T12:00:56","modified_gmt":"2023-04-18T10:00:56","slug":"sortida-intercanvi-de-poesia-3r-eso","status":"publish","type":"post","link":"https:\/\/agora.xtec.cat\/iesmontbui\/comunicats\/sortida-intercanvi-de-poesia-3r-eso\/","title":{"rendered":"Sortida Intercanvi de poesia (3r ESO)"},"content":{"rendered":"<p>Benvolgudes fam\u00edlies,<\/p>\n<p>ens plau indicar-vos el programa de l&#8217;Intercanvi de poesia de 3r d\u2019ESO a Calaf el dia 4 de maig.<\/p>\n<p>Se sortir\u00e0<strong>\u00a0<\/strong>a les<strong>\u00a08<\/strong><strong>:00<\/strong><strong>\u00a0h<\/strong>\u00a0del mateix institut i es preveu tornar aproximadament a les\u00a0<strong>13<\/strong><strong>:30 h<\/strong>.<\/p>\n<p>La sortida <b>\u00e9s totalment gratu\u00efta<\/b>, i per aix\u00f2 no ser\u00e0 necessari realitzar cap pagament.<\/p>\n<p>Trobareu m\u00e9s informaci\u00f3 als fulls de pagament de la sortida:<\/p>\n<p><a href=\"https:\/\/agora.xtec.cat\/iesmontbui\/comunicats\/sortida-intercanvi-de-poesia-3r-eso\/attachment\/sortida-jornada-dintercanvi-poesia-calaf\/\" rel=\"attachment wp-att-8406\">Sortida jornada d&#8217;intercanvi poesia Calaf<\/a><\/p>\n<p style=\"text-align: justify;\">Aquesta activitat \u00e9s finan\u00e7ada pel Ministeri d&#8217;Educaci\u00f3 i Formaci\u00f3 Professional, i el Mecanisme de recuperaci\u00f3, transformaci\u00f3 i resili\u00e8ncia i per la Uni\u00f3 Europea NextGenerationEU.<\/p>\n<p><a href=\"https:\/\/agora.xtec.cat\/iesmontbui\/comunicats\/sortida-intercanvi-de-poesia-3r-eso\/attachment\/captura-de-pantalla-2023-04-18-115114\/\" rel=\"attachment wp-att-8407\"><img loading=\"lazy\" decoding=\"async\" class=\"alignnone wp-image-8407 size-full\" src=\"https:\/\/agora.xtec.cat\/iesmontbui\/wp-content\/uploads\/usu145\/2023\/04\/Captura-de-pantalla-2023-04-18-115114-e1681811553493.png\" alt=\"\" width=\"846\" height=\"91\" srcset=\"https:\/\/agora.xtec.cat\/iesmontbui\/wp-content\/uploads\/usu145\/2023\/04\/Captura-de-pantalla-2023-04-18-115114-e1681811553493.png 846w, https:\/\/agora.xtec.cat\/iesmontbui\/wp-content\/uploads\/usu145\/2023\/04\/Captura-de-pantalla-2023-04-18-115114-e1681811553493-300x32.png 300w, https:\/\/agora.xtec.cat\/iesmontbui\/wp-content\/uploads\/usu145\/2023\/04\/Captura-de-pantalla-2023-04-18-115114-e1681811553493-768x83.png 768w\" sizes=\"auto, (max-width: 846px) 100vw, 846px\" \/><\/a><\/p>\n<p style=\"text-align: right;\"><strong>Comunicaci\u00f3<\/strong><\/p>\n","protected":false},"excerpt":{"rendered":"<p>Benvolgudes fam\u00edlies,<br \/>\nens plau indicar-vos el programa de l&#8217;Intercanvi de poesia de 3r d\u2019ESO a Calaf el dia 4 de maig.<br \/>\nSe sortir\u00e0\u00a0a les\u00a08:00\u00a0h\u00a0del mateix institut i es preveu tornar aproximadament a les\u00a013:30 h.<br \/>\nLa sortida \u00e9s totalment gratu\u00efta, i per aix\u00f2 no ser\u00e0 necessari realitzar cap pagament.<br \/>\nTrobareu&hellip;  <a href=\"https:\/\/agora.xtec.cat\/iesmontbui\/comunicats\/sortida-intercanvi-de-poesia-3r-eso\/\" title=\"Read Sortida Intercanvi de poesia (3r ESO)\">Llegeix m\u00e9s\u00bb<\/a><\/p>\n","protected":false},"author":66,"featured_media":8408,"comment_status":"closed","ping_status":"closed","sticky":false,"template":"","format":"standard","meta":{"_bbp_topic_count":0,"_bbp_reply_count":0,"_bbp_total_topic_count":0,"_bbp_total_reply_count":0,"_bbp_voice_count":0,"_bbp_anonymous_reply_count":0,"_bbp_topic_count_hidden":0,"_bbp_reply_count_hidden":0,"_bbp_forum_subforum_count":0,"footnotes":""},"categories":[98,114,125],"tags":[],"class_list":["post-8404","post","type-post","status-publish","format-standard","has-post-thumbnail","hentry","category-comunicats","category-comunicats3","category-depllengues"],"post_mailing_queue_ids":[],"_links":{"self":[{"href":"https:\/\/agora.xtec.cat\/iesmontbui\/wp-json\/wp\/v2\/posts\/8404","targetHints":{"allow":["GET"]}}],"collection":[{"href":"https:\/\/agora.xtec.cat\/iesmontbui\/wp-json\/wp\/v2\/posts"}],"about":[{"href":"https:\/\/agora.xtec.cat\/iesmontbui\/wp-json\/wp\/v2\/types\/post"}],"author":[{"embeddable":true,"href":"https:\/\/agora.xtec.cat\/iesmontbui\/wp-json\/wp\/v2\/users\/66"}],"replies":[{"embeddable":true,"href":"https:\/\/agora.xtec.cat\/iesmontbui\/wp-json\/wp\/v2\/comments?post=8404"}],"version-history":[{"count":2,"href":"https:\/\/agora.xtec.cat\/iesmontbui\/wp-json\/wp\/v2\/posts\/8404\/revisions"}],"predecessor-version":[{"id":8410,"href":"https:\/\/agora.xtec.cat\/iesmontbui\/wp-json\/wp\/v2\/posts\/8404\/revisions\/8410"}],"wp:featuredmedia":[{"embeddable":true,"href":"https:\/\/agora.xtec.cat\/iesmontbui\/wp-json\/wp\/v2\/media\/8408"}],"wp:attachment":[{"href":"https:\/\/agora.xtec.cat\/iesmontbui\/wp-json\/wp\/v2\/media?parent=8404"}],"wp:term":[{"taxonomy":"category","embeddable":true,"href":"https:\/\/agora.xtec.cat\/iesmontbui\/wp-json\/wp\/v2\/categories?post=8404"},{"taxonomy":"post_tag","embeddable":true,"href":"https:\/\/agora.xtec.cat\/iesmontbui\/wp-json\/wp\/v2\/tags?post=8404"}],"curies":[{"name":"wp","href":"https:\/\/api.w.org\/{rel}","templated":true}]}}