{"id":8387,"date":"2023-04-13T13:09:15","date_gmt":"2023-04-13T11:09:15","guid":{"rendered":"https:\/\/agora.xtec.cat\/iesmontbui\/?p=8387"},"modified":"2023-04-13T13:53:34","modified_gmt":"2023-04-13T11:53:34","slug":"estrenem-el-taller-de-parentalitat-positiva","status":"publish","type":"post","link":"https:\/\/agora.xtec.cat\/iesmontbui\/general\/estrenem-el-taller-de-parentalitat-positiva\/","title":{"rendered":"Estrenem el Taller de Parentalitat positiva"},"content":{"rendered":"<p style=\"text-align: justify;\">El passat dimarts 21 de mar\u00e7 vam iniciar amb un gran \u00e8xit de convocat\u00f2ria (un total de 15 fam\u00edlies de 1r i 2n d&#8217;ESO) el taller de Parentalitat positiva, que a c\u00e0rrec de l&#8217;educadora social Maite Priego i organitzat des del Pla educatiu d&#8217;entorn, es preveu que tindr\u00e0 una durada de 4 sessions m\u00e9s, dividides entre els mesos d&#8217;abril i maig.<\/p>\n<p style=\"text-align: right;\"><strong>Jaume Domingo<\/strong><\/p>\n","protected":false},"excerpt":{"rendered":"<p>El passat dimarts 21 de mar\u00e7 vam iniciar amb un gran \u00e8xit de convocat\u00f2ria (un total de 15 fam\u00edlies de 1r i 2n d&#8217;ESO) el taller de Parentalitat positiva, que a c\u00e0rrec de l&#8217;educadora social Maite Priego i organitzat des del Pla educatiu d&#8217;entorn, es&hellip;  <a href=\"https:\/\/agora.xtec.cat\/iesmontbui\/general\/estrenem-el-taller-de-parentalitat-positiva\/\" title=\"Read Estrenem el Taller de Parentalitat positiva\">Llegeix m\u00e9s\u00bb<\/a><\/p>\n","protected":false},"author":66,"featured_media":8389,"comment_status":"closed","ping_status":"closed","sticky":false,"template":"","format":"standard","meta":{"_bbp_topic_count":0,"_bbp_reply_count":0,"_bbp_total_topic_count":0,"_bbp_total_reply_count":0,"_bbp_voice_count":0,"_bbp_anonymous_reply_count":0,"_bbp_topic_count_hidden":0,"_bbp_reply_count_hidden":0,"_bbp_forum_subforum_count":0,"footnotes":""},"categories":[123,1,29],"tags":[],"class_list":["post-8387","post","type-post","status-publish","format-standard","has-post-thumbnail","hentry","category-deporientacio","category-general","category-portada"],"post_mailing_queue_ids":[],"_links":{"self":[{"href":"https:\/\/agora.xtec.cat\/iesmontbui\/wp-json\/wp\/v2\/posts\/8387","targetHints":{"allow":["GET"]}}],"collection":[{"href":"https:\/\/agora.xtec.cat\/iesmontbui\/wp-json\/wp\/v2\/posts"}],"about":[{"href":"https:\/\/agora.xtec.cat\/iesmontbui\/wp-json\/wp\/v2\/types\/post"}],"author":[{"embeddable":true,"href":"https:\/\/agora.xtec.cat\/iesmontbui\/wp-json\/wp\/v2\/users\/66"}],"replies":[{"embeddable":true,"href":"https:\/\/agora.xtec.cat\/iesmontbui\/wp-json\/wp\/v2\/comments?post=8387"}],"version-history":[{"count":3,"href":"https:\/\/agora.xtec.cat\/iesmontbui\/wp-json\/wp\/v2\/posts\/8387\/revisions"}],"predecessor-version":[{"id":8403,"href":"https:\/\/agora.xtec.cat\/iesmontbui\/wp-json\/wp\/v2\/posts\/8387\/revisions\/8403"}],"wp:featuredmedia":[{"embeddable":true,"href":"https:\/\/agora.xtec.cat\/iesmontbui\/wp-json\/wp\/v2\/media\/8389"}],"wp:attachment":[{"href":"https:\/\/agora.xtec.cat\/iesmontbui\/wp-json\/wp\/v2\/media?parent=8387"}],"wp:term":[{"taxonomy":"category","embeddable":true,"href":"https:\/\/agora.xtec.cat\/iesmontbui\/wp-json\/wp\/v2\/categories?post=8387"},{"taxonomy":"post_tag","embeddable":true,"href":"https:\/\/agora.xtec.cat\/iesmontbui\/wp-json\/wp\/v2\/tags?post=8387"}],"curies":[{"name":"wp","href":"https:\/\/api.w.org\/{rel}","templated":true}]}}