{"id":8344,"date":"2023-03-16T22:00:02","date_gmt":"2023-03-16T21:00:02","guid":{"rendered":"https:\/\/agora.xtec.cat\/iesmontbui\/?p=8344"},"modified":"2023-03-28T01:44:44","modified_gmt":"2023-03-27T23:44:44","slug":"27e-concurs-literari-de-st-jordi","status":"publish","type":"post","link":"https:\/\/agora.xtec.cat\/iesmontbui\/portada\/27e-concurs-literari-de-st-jordi\/","title":{"rendered":"27\u00e8 Concurs Literari de St. Jordi"},"content":{"rendered":"<p style=\"text-align: justify;\"><span style=\"text-decoration: underline;\"><strong>27a MOSTRA LITER\u00c0RIA &#8211; SANT JORDI 2023<\/strong><\/span><\/p>\n<p style=\"text-align: justify;\"><strong>Bases del Concurs<\/strong><\/p>\n<p style=\"text-align: justify;\"><strong>TEMA:<\/strong> lliure.<\/p>\n<p style=\"text-align: justify;\"><strong>LLENGUA:<\/strong> catalana, castellana, anglesa o francesa.<\/p>\n<p style=\"text-align: justify;\"><strong>CATEGORIES:<\/strong><\/p>\n<p style=\"text-align: justify;\">1a categoria: alumnat de 1r cicle.<br \/>\n2a categoria: alumnat de 2n cicle.<br \/>\n3a categoria: alumnat de batxillerat i exalumnes.<br \/>\n4a categoria: professorat.<\/p>\n<p style=\"text-align: justify;\"><strong>MODALITAT:<\/strong> prosa o poesia.<\/p>\n<p style=\"text-align: justify;\"><strong>EXTENSI\u00d3:<\/strong><\/p>\n<p style=\"text-align: justify;\">m\u00ednima: 1 full a ordinador, lletra Arial 12, a doble espai i una cara.<br \/>\nm\u00e0xima: 3 fulls a ordinador, lletra Arial 12, a doble espai i una cara.<\/p>\n<p style=\"text-align: justify;\"><strong>TERMINI DE PRESENTACI\u00d3:<\/strong> Fins al divendres 31 de mar\u00e7, a consergeria.<\/p>\n<p style=\"text-align: justify;\"><strong>PLICA:<\/strong> haureu de presentar el treball signat amb un pseud\u00f2nim i tancat dins d&#8217;un sobre gran. Aquest anir\u00e0 acompanyat d&#8217;un altre sobre petit on posareu un paper amb les vostres dades personals: nom, cognoms, curs i grup classe. Davant de cadascun dels sobres, escriureu el vostre pseud\u00f2nim, la modalitat (prosa o poesia) i la categoria (1r cicle, 2n cicle, batxillerat o exalumnes, professorat).<\/p>\n<p style=\"text-align: justify;\"><strong>JURAT:<\/strong> el jurat, la composici\u00f3 del qual es donar\u00e0 a con\u00e8ixer m\u00e9s endavant, far\u00e0 p\u00fablic els resultats el dia en qu\u00e8 celebrem Sant Jordi.<\/p>\n<p style=\"text-align: justify;\"><strong>PREMIS:<\/strong> s&#8217;atorgaran al millor treball de cada categoria i modalitat. Consistiran en un val de compra per a material escolar.<\/p>\n<p style=\"text-align: justify;\"><strong>OBSERVACIONS:<\/strong> el jurat es reserva el dret de declarar algun premi desert. La presentaci\u00f3 dels originals pressuposa l\u2019acceptaci\u00f3 \u00edntegra de les bases.<\/p>\n<p style=\"text-align: justify;\">Santa Margarida de Montbui, 28 de febrer de 2023<\/p>\n","protected":false},"excerpt":{"rendered":"<p>27a MOSTRA LITER\u00c0RIA &#8211; SANT JORDI 2023<br \/>\nBases del Concurs<br \/>\nTEMA: lliure.<br \/>\nLLENGUA: catalana, castellana, anglesa o francesa.<br \/>\nCATEGORIES:<br \/>\n1a categoria: alumnat de 1r cicle.<br \/>\n2a categoria: alumnat de 2n cicle.<br \/>\n3a categoria: alumnat de batxillerat i exalumnes.<br \/>\n4a categoria: professorat.<br \/>\nMODALITAT: prosa o poesia.<br \/>\nEXTENSI\u00d3:<br \/>\nm\u00ednima: 1 full a ordinador, lletra Arial 12, a doble&hellip;  <a href=\"https:\/\/agora.xtec.cat\/iesmontbui\/portada\/27e-concurs-literari-de-st-jordi\/\" title=\"Read 27\u00e8 Concurs Literari de St. Jordi\">Llegeix m\u00e9s\u00bb<\/a><\/p>\n","protected":false},"author":66,"featured_media":8345,"comment_status":"closed","ping_status":"closed","sticky":false,"template":"","format":"standard","meta":{"_bbp_topic_count":0,"_bbp_reply_count":0,"_bbp_total_topic_count":0,"_bbp_total_reply_count":0,"_bbp_voice_count":0,"_bbp_anonymous_reply_count":0,"_bbp_topic_count_hidden":0,"_bbp_reply_count_hidden":0,"_bbp_forum_subforum_count":0,"footnotes":""},"categories":[125,29,348],"tags":[],"class_list":["post-8344","post","type-post","status-publish","format-standard","has-post-thumbnail","hentry","category-depllengues","category-portada","category-st-jordi"],"post_mailing_queue_ids":[],"_links":{"self":[{"href":"https:\/\/agora.xtec.cat\/iesmontbui\/wp-json\/wp\/v2\/posts\/8344","targetHints":{"allow":["GET"]}}],"collection":[{"href":"https:\/\/agora.xtec.cat\/iesmontbui\/wp-json\/wp\/v2\/posts"}],"about":[{"href":"https:\/\/agora.xtec.cat\/iesmontbui\/wp-json\/wp\/v2\/types\/post"}],"author":[{"embeddable":true,"href":"https:\/\/agora.xtec.cat\/iesmontbui\/wp-json\/wp\/v2\/users\/66"}],"replies":[{"embeddable":true,"href":"https:\/\/agora.xtec.cat\/iesmontbui\/wp-json\/wp\/v2\/comments?post=8344"}],"version-history":[{"count":1,"href":"https:\/\/agora.xtec.cat\/iesmontbui\/wp-json\/wp\/v2\/posts\/8344\/revisions"}],"predecessor-version":[{"id":8346,"href":"https:\/\/agora.xtec.cat\/iesmontbui\/wp-json\/wp\/v2\/posts\/8344\/revisions\/8346"}],"wp:featuredmedia":[{"embeddable":true,"href":"https:\/\/agora.xtec.cat\/iesmontbui\/wp-json\/wp\/v2\/media\/8345"}],"wp:attachment":[{"href":"https:\/\/agora.xtec.cat\/iesmontbui\/wp-json\/wp\/v2\/media?parent=8344"}],"wp:term":[{"taxonomy":"category","embeddable":true,"href":"https:\/\/agora.xtec.cat\/iesmontbui\/wp-json\/wp\/v2\/categories?post=8344"},{"taxonomy":"post_tag","embeddable":true,"href":"https:\/\/agora.xtec.cat\/iesmontbui\/wp-json\/wp\/v2\/tags?post=8344"}],"curies":[{"name":"wp","href":"https:\/\/api.w.org\/{rel}","templated":true}]}}