{"id":8333,"date":"2023-04-13T08:00:58","date_gmt":"2023-04-13T06:00:58","guid":{"rendered":"https:\/\/agora.xtec.cat\/iesmontbui\/?p=8333"},"modified":"2023-04-12T08:07:20","modified_gmt":"2023-04-12T06:07:20","slug":"estada-al-eda-de-tuixent-3r-eso","status":"publish","type":"post","link":"https:\/\/agora.xtec.cat\/iesmontbui\/general\/estada-al-eda-de-tuixent-3r-eso\/","title":{"rendered":"Estada al EdA de Tuixent (3r ESO)"},"content":{"rendered":"<p>Benvolgudes fam\u00edlies,<\/p>\n<p>Ens plau indicar el programa de l&#8217;estada de 3r d&#8217;ESO a Tuixent.<\/p>\n<p>L&#8217;estada tindr\u00e0 lloc del\u00a0<strong>5 al 9 de juny.\u00a0\u00a0<\/strong>Se sortir\u00e0 del centre el mateix dia 5 a les 8:00 i es preveu tornar a les 18:00 del dia 9. L&#8217;allotjament ser\u00e0 a l&#8217;<span style=\"font-weight: 400;\">alberg can Cortina<\/span><\/p>\n<p>El preu total de la sortida \u00e9s de <b>140 \u20ac<\/b>, per aix\u00f2 us demanem un primer pagament de 70 \u20ac, mitjan\u00e7ant el pagament en l\u00ednia de la web de l&#8217;Institut, amb el concepte de pagament &#8220;<span style=\"font-weight: 400;\">Treball s\u00edntesi-3r ESO-Tuixent&#8221;.<\/span><\/p>\n<p>Tamb\u00e9 caldr\u00e0 entregar l&#8217;autoritzaci\u00f3 signada i fer el primer pagament <strong>abans del dijous 20 d&#8217;abril<\/strong>.<\/p>\n<p><b>IMPORTANT<\/b>: <i><span style=\"font-weight: 400;\">NO PODR\u00c0 PARTICIPAR en l&#8217;estada l\u2019alumnat que tingui 3 o m\u00e9s mat\u00e8ries no assolides a la segona avaluaci\u00f3 i\/o l\u2019alumnat que la Comissi\u00f3 de Conviv\u00e8ncia consideri que durant el curs ha tingut un comportament que pot dificultar el bon desenvolupament de l\u2019estada.<\/span><\/i><\/p>\n<p><b>IMPORTANT<\/b>: <i><span style=\"font-weight: 400;\">L\u2019alberg t\u00e9 una capacitat de 50 places (si el nombre d\u2019alumnes que vol fer l\u2019estada \u00e9s superior a 50, se seleccionaran els alumnes participants en funci\u00f3 de l&#8217;ordre de pagament). El pagament dels alumnes que no puguin participar ser\u00e0 retornat.<\/span><\/i><\/p>\n<p>Per a m\u00e9s informaci\u00f3<\/p>\n<p><a href=\"https:\/\/agora.xtec.cat\/iesmontbui\/general\/estada-al-eda-de-tuixent-3r-eso\/attachment\/1r-pagament-autoritzacio-tuixent-2022-2023\/\" rel=\"attachment wp-att-8350\">1r Pagament i Autoritzaci\u00f3 Tuixent<\/a><\/p>\n<p><b>Com fer el pagament on-line?\u00a0<\/b><\/p>\n<ol>\n<li>Accediu a la p\u00e0gina web de l\u2019Institut Montbui:\u00a0<a href=\"https:\/\/agora.xtec.cat\/iesmontbui\/\">https:\/\/agora.xtec.cat\/iesmontbui\/<\/a><\/li>\n<li>Feu clic a la icona \u201cpagament online\u201d:<\/li>\n<li>Aneu al desplegable \u201cSelecciona l\u2019activitat\u201d i trieu activitat corresponent.<\/li>\n<li>Si cal, indiquem la quantitat a abonar. Si ja hi figura, no s\u2019ha de fer aquest pas.<\/li>\n<li>Escrivim el nom i cognoms de l\u2019alumne\/a.<\/li>\n<li>Seleccioneu el curs, grup i nivell educatiu. Si no sabeu alguna dada, seleccioneu l\u2019interrogant, ja que \u00e9s obligatori triar una opci\u00f3.<\/li>\n<li>Afegiu un correu electr\u00f2nic on rebreu el comprovant del pagament. Aquest comprovant \u00e9s per la fam\u00edlia i NO caldr\u00e0 entregar-lo ni enviar-lo.<\/li>\n<li>Clicar a \u201cFer el pagament\u201d.<\/li>\n<li>Emplenar les dades (n\u00fam. de targeta, caducitat, codi de seguretat) a la plataforma banc\u00e0ria.<\/li>\n<li>Rebem la confirmaci\u00f3 de pagament del banc.<\/li>\n<\/ol>\n<p style=\"text-align: right;\"><strong>Comunicaci\u00f3<\/strong><\/p>\n<div class=\"addtoany_share_save_container addtoany_content addtoany_content_bottom\">\n<div class=\"a2a_kit a2a_kit_size_25 addtoany_list\" data-a2a-url=\"https:\/\/agora.xtec.cat\/iesmontbui\/comunicats\/viatge-costa-brava-fi-de-curs-4t-eso\/\" data-a2a-title=\"Viatge Costa Brava (Fi de curs 4t ESO)\"><\/div>\n<\/div>\n","protected":false},"excerpt":{"rendered":"<p>Benvolgudes fam\u00edlies,<br \/>\nEns plau indicar el programa de l&#8217;estada de 3r d&#8217;ESO a Tuixent.<br \/>\nL&#8217;estada tindr\u00e0 lloc del\u00a05 al 9 de juny.\u00a0\u00a0Se sortir\u00e0 del centre el mateix dia 5 a les 8:00 i es preveu tornar a les 18:00 del dia 9. L&#8217;allotjament ser\u00e0 a l&#8217;alberg can&hellip;  <a href=\"https:\/\/agora.xtec.cat\/iesmontbui\/general\/estada-al-eda-de-tuixent-3r-eso\/\" title=\"Read Estada al EdA de Tuixent (3r ESO)\">Llegeix m\u00e9s\u00bb<\/a><\/p>\n","protected":false},"author":66,"featured_media":8352,"comment_status":"open","ping_status":"closed","sticky":false,"template":"","format":"standard","meta":{"_bbp_topic_count":0,"_bbp_reply_count":0,"_bbp_total_topic_count":0,"_bbp_total_reply_count":0,"_bbp_voice_count":0,"_bbp_anonymous_reply_count":0,"_bbp_topic_count_hidden":0,"_bbp_reply_count_hidden":0,"_bbp_forum_subforum_count":0,"footnotes":""},"categories":[98,114,120,3,6,19,20,21,340,351,1],"tags":[],"class_list":["post-8333","post","type-post","status-publish","format-standard","has-post-thumbnail","hentry","category-comunicats","category-comunicats3","category-depciencies","category-eso","category-eso-3","category-eso-3a","category-eso-3b","category-eso-3c","category-eso-3d","category-eso-3e","category-general"],"post_mailing_queue_ids":[],"_links":{"self":[{"href":"https:\/\/agora.xtec.cat\/iesmontbui\/wp-json\/wp\/v2\/posts\/8333","targetHints":{"allow":["GET"]}}],"collection":[{"href":"https:\/\/agora.xtec.cat\/iesmontbui\/wp-json\/wp\/v2\/posts"}],"about":[{"href":"https:\/\/agora.xtec.cat\/iesmontbui\/wp-json\/wp\/v2\/types\/post"}],"author":[{"embeddable":true,"href":"https:\/\/agora.xtec.cat\/iesmontbui\/wp-json\/wp\/v2\/users\/66"}],"replies":[{"embeddable":true,"href":"https:\/\/agora.xtec.cat\/iesmontbui\/wp-json\/wp\/v2\/comments?post=8333"}],"version-history":[{"count":3,"href":"https:\/\/agora.xtec.cat\/iesmontbui\/wp-json\/wp\/v2\/posts\/8333\/revisions"}],"predecessor-version":[{"id":8354,"href":"https:\/\/agora.xtec.cat\/iesmontbui\/wp-json\/wp\/v2\/posts\/8333\/revisions\/8354"}],"wp:featuredmedia":[{"embeddable":true,"href":"https:\/\/agora.xtec.cat\/iesmontbui\/wp-json\/wp\/v2\/media\/8352"}],"wp:attachment":[{"href":"https:\/\/agora.xtec.cat\/iesmontbui\/wp-json\/wp\/v2\/media?parent=8333"}],"wp:term":[{"taxonomy":"category","embeddable":true,"href":"https:\/\/agora.xtec.cat\/iesmontbui\/wp-json\/wp\/v2\/categories?post=8333"},{"taxonomy":"post_tag","embeddable":true,"href":"https:\/\/agora.xtec.cat\/iesmontbui\/wp-json\/wp\/v2\/tags?post=8333"}],"curies":[{"name":"wp","href":"https:\/\/api.w.org\/{rel}","templated":true}]}}