{"id":8281,"date":"2023-03-20T20:39:58","date_gmt":"2023-03-20T19:39:58","guid":{"rendered":"https:\/\/agora.xtec.cat\/iesmontbui\/?p=8281"},"modified":"2023-03-20T21:23:52","modified_gmt":"2023-03-20T20:23:52","slug":"fes-follow-a-les-mates-1r-enigma","status":"publish","type":"post","link":"https:\/\/agora.xtec.cat\/iesmontbui\/portada\/fes-follow-a-les-mates-1r-enigma\/","title":{"rendered":"Fes Follow a les Mates! &#8211; 1r enigma"},"content":{"rendered":"<p>El dia 14\/03 \u00e9s el Dia Internacional de les Matem\u00e0tiques (els primers d\u00edgits de PI si fem la data en angl\u00e8s), i \u00e9s per aix\u00f2 que des del Departament de Matem\u00e0tiques i Economia hem encetat una setmana plena d&#8217;activitats!<\/p>\n<p>I una d&#8217;elles s\u00f3n els enigmes matem\u00e0tics a la nostra web i xarxes socials! Cada dia publicarem un enigma f\u00e0cil per resoldre en fam\u00edlia, tot sopant, i que us animem a respondre en els comentaris.<\/p>\n<p>Per comen\u00e7ar, avui us proposem el seg\u00fcent enigma: quin \u00e9s el valor de l&#8217;interrogant? Encara que no ho sembli, totes les sumes s\u00f3n correctes!!<\/p>\n<p>\u00c0nims!!<\/p>\n<p style=\"text-align: right;\"><strong>Departament de Matem\u00e0tiques i Economia<\/strong><\/p>\n<p style=\"text-align: center;\"><a href=\"https:\/\/agora.xtec.cat\/iesmontbui\/portada\/fes-follow-a-les-mates-1r-enigma\/attachment\/screenshot-2023-03-20-20-34-39\/\" rel=\"attachment wp-att-8282\"><img loading=\"lazy\" decoding=\"async\" class=\"alignnone size-full wp-image-8282\" src=\"https:\/\/agora.xtec.cat\/iesmontbui\/wp-content\/uploads\/usu145\/2023\/03\/Screenshot-2023-03-20-20.34.39.png\" alt=\"\" width=\"561\" height=\"500\" srcset=\"https:\/\/agora.xtec.cat\/iesmontbui\/wp-content\/uploads\/usu145\/2023\/03\/Screenshot-2023-03-20-20.34.39.png 561w, https:\/\/agora.xtec.cat\/iesmontbui\/wp-content\/uploads\/usu145\/2023\/03\/Screenshot-2023-03-20-20.34.39-300x267.png 300w\" sizes=\"auto, (max-width: 561px) 100vw, 561px\" \/><\/a><\/p>\n","protected":false},"excerpt":{"rendered":"<p>El dia 14\/03 \u00e9s el Dia Internacional de les Matem\u00e0tiques (els primers d\u00edgits de PI si fem la data en angl\u00e8s), i \u00e9s per aix\u00f2 que des del Departament de Matem\u00e0tiques i Economia hem encetat una setmana plena d&#8217;activitats!<br \/>\nI una d&#8217;elles s\u00f3n els enigmes matem\u00e0tics&hellip;  <a href=\"https:\/\/agora.xtec.cat\/iesmontbui\/portada\/fes-follow-a-les-mates-1r-enigma\/\" title=\"Read Fes Follow a les Mates! &#8211; 1r enigma\">Llegeix m\u00e9s\u00bb<\/a><\/p>\n","protected":false},"author":66,"featured_media":8285,"comment_status":"open","ping_status":"closed","sticky":false,"template":"","format":"standard","meta":{"_bbp_topic_count":0,"_bbp_reply_count":0,"_bbp_total_topic_count":0,"_bbp_total_reply_count":0,"_bbp_voice_count":0,"_bbp_anonymous_reply_count":0,"_bbp_topic_count_hidden":0,"_bbp_reply_count_hidden":0,"_bbp_forum_subforum_count":0,"footnotes":""},"categories":[119,29],"tags":[],"class_list":["post-8281","post","type-post","status-publish","format-standard","has-post-thumbnail","hentry","category-depmates","category-portada"],"post_mailing_queue_ids":[],"_links":{"self":[{"href":"https:\/\/agora.xtec.cat\/iesmontbui\/wp-json\/wp\/v2\/posts\/8281","targetHints":{"allow":["GET"]}}],"collection":[{"href":"https:\/\/agora.xtec.cat\/iesmontbui\/wp-json\/wp\/v2\/posts"}],"about":[{"href":"https:\/\/agora.xtec.cat\/iesmontbui\/wp-json\/wp\/v2\/types\/post"}],"author":[{"embeddable":true,"href":"https:\/\/agora.xtec.cat\/iesmontbui\/wp-json\/wp\/v2\/users\/66"}],"replies":[{"embeddable":true,"href":"https:\/\/agora.xtec.cat\/iesmontbui\/wp-json\/wp\/v2\/comments?post=8281"}],"version-history":[{"count":2,"href":"https:\/\/agora.xtec.cat\/iesmontbui\/wp-json\/wp\/v2\/posts\/8281\/revisions"}],"predecessor-version":[{"id":8284,"href":"https:\/\/agora.xtec.cat\/iesmontbui\/wp-json\/wp\/v2\/posts\/8281\/revisions\/8284"}],"wp:featuredmedia":[{"embeddable":true,"href":"https:\/\/agora.xtec.cat\/iesmontbui\/wp-json\/wp\/v2\/media\/8285"}],"wp:attachment":[{"href":"https:\/\/agora.xtec.cat\/iesmontbui\/wp-json\/wp\/v2\/media?parent=8281"}],"wp:term":[{"taxonomy":"category","embeddable":true,"href":"https:\/\/agora.xtec.cat\/iesmontbui\/wp-json\/wp\/v2\/categories?post=8281"},{"taxonomy":"post_tag","embeddable":true,"href":"https:\/\/agora.xtec.cat\/iesmontbui\/wp-json\/wp\/v2\/tags?post=8281"}],"curies":[{"name":"wp","href":"https:\/\/api.w.org\/{rel}","templated":true}]}}