{"id":8237,"date":"2023-03-09T15:42:44","date_gmt":"2023-03-09T14:42:44","guid":{"rendered":"https:\/\/agora.xtec.cat\/iesmontbui\/?p=8237"},"modified":"2023-03-13T03:00:46","modified_gmt":"2023-03-13T02:00:46","slug":"jornada-i-premis-natividad-yarza","status":"publish","type":"post","link":"https:\/\/agora.xtec.cat\/iesmontbui\/general\/jornada-i-premis-natividad-yarza\/","title":{"rendered":"Jornada i Premis Natividad Yarza"},"content":{"rendered":"<p style=\"text-align: justify;\"><span style=\"font-weight: 400;\">Avui dijous 9 de mar\u00e7 ha tingut lloc la Jornada Nativitat Yarza al Teatre Municipal l&#8217;Ateneu d\u2019Igualada, on hi ha assistit com a p\u00fablic l\u2019alumnat de 1r de Batxillerat del nostre centre i d\u2019altres centres de secund\u00e0ria de la comarca. Aquesta jornada s\u2019emmarca en la commemoraci\u00f3 del 8 de mar\u00e7, Dia Internacional de les Dones treballadores, i est\u00e0 organitzada per l\u2019\u00c0rea d\u2019Igualtat de g\u00e8nere de la Mancomunitat d\u2019\u00d2dena juntament amb la Comissi\u00f3 Nativitat Yarza.\u00a0<\/span><\/p>\n<p style=\"text-align: justify;\"><span style=\"font-weight: 400;\">L\u2019acte ha comptat amb dues parts diferenciades. La primera ha constat en la presentaci\u00f3 i entrega de premis de la 4a convocat\u00f2ria del Premi Nativitat Yarza a la recerca en g\u00e8nere. S\u2019han presentat un total d\u2019onze treballs de recerca de Batxillerat de diversos instituts de la comarca; del nostre centre, han estat els treballs de dues alumnes de 2n de Batxillerat titulats \u201cDones emprenedores\u201d, de la Natalia Reche i tutoritzat per la professora del Departament de Matem\u00e0tiques Rosa Langa, i \u201cAn\u00e0lisi i creaci\u00f3 d\u2019una revista de moda\u201d, de la Dafne Doncel, tutoritzat per la professora del Departament d\u2019Expressi\u00f3 Maricel Mi\u00f1ano. Des del centre volem agrair la seva participaci\u00f3 i felicitar les dues alumnes per la seva dedicaci\u00f3, feina ben feta i visibilitzaci\u00f3 del paper de la dona, en l\u2019\u00e0mbit empresarial i de la moda.\u00a0<\/span><\/p>\n<p style=\"text-align: justify;\"><span style=\"font-weight: 400;\">La segona part ha consistit en una taula rodona sota el nom \u201cConfrontant els antifeminismes\u201d amb la pres\u00e8ncia de la Laura Grau, comunicadora al Matina Codina, la influenciadora igualadina Carla Junyent, que t\u00e9 un projecte a Tindercat, i el Rub\u00e9n S\u00e1nchez, subdirector de Sensibilitzaci\u00f3 i Prevenci\u00f3 del Departament d\u2019Igualtat i Feminismes de la Generalitat de Catalunya.<\/span><\/p>\n<p style=\"text-align: right;\"><strong>Nat\u00e0lia Olaya<\/strong><\/p>\n<p><a href=\"https:\/\/agora.xtec.cat\/iesmontbui\/general\/jornada-i-premis-natividad-yarza\/attachment\/whatsapp-image-2023-03-09-at-12-58-27\/\" rel=\"attachment wp-att-8239\"><img loading=\"lazy\" decoding=\"async\" class=\"alignnone size-full wp-image-8239\" src=\"https:\/\/agora.xtec.cat\/iesmontbui\/wp-content\/uploads\/usu145\/2023\/03\/WhatsApp-Image-2023-03-09-at-12.58.27.jpeg\" alt=\"\" width=\"815\" height=\"1024\" srcset=\"https:\/\/agora.xtec.cat\/iesmontbui\/wp-content\/uploads\/usu145\/2023\/03\/WhatsApp-Image-2023-03-09-at-12.58.27.jpeg 815w, https:\/\/agora.xtec.cat\/iesmontbui\/wp-content\/uploads\/usu145\/2023\/03\/WhatsApp-Image-2023-03-09-at-12.58.27-239x300.jpeg 239w, https:\/\/agora.xtec.cat\/iesmontbui\/wp-content\/uploads\/usu145\/2023\/03\/WhatsApp-Image-2023-03-09-at-12.58.27-768x965.jpeg 768w\" sizes=\"auto, (max-width: 815px) 100vw, 815px\" \/><\/a><\/p>\n","protected":false},"excerpt":{"rendered":"<p>Avui dijous 9 de mar\u00e7 ha tingut lloc la Jornada Nativitat Yarza al Teatre Municipal l&#8217;Ateneu d\u2019Igualada, on hi ha assistit com a p\u00fablic l\u2019alumnat de 1r de Batxillerat del nostre centre i d\u2019altres centres de secund\u00e0ria de la comarca. Aquesta jornada s\u2019emmarca en la&hellip;  <a href=\"https:\/\/agora.xtec.cat\/iesmontbui\/general\/jornada-i-premis-natividad-yarza\/\" title=\"Read Jornada i Premis Natividad Yarza\">Llegeix m\u00e9s\u00bb<\/a><\/p>\n","protected":false},"author":66,"featured_media":8240,"comment_status":"open","ping_status":"closed","sticky":false,"template":"","format":"standard","meta":{"_bbp_topic_count":0,"_bbp_reply_count":0,"_bbp_total_topic_count":0,"_bbp_total_reply_count":0,"_bbp_voice_count":0,"_bbp_anonymous_reply_count":0,"_bbp_topic_count_hidden":0,"_bbp_reply_count_hidden":0,"_bbp_forum_subforum_count":0,"footnotes":""},"categories":[347,67,341,342,68,343,344,123,1,29],"tags":[],"class_list":["post-8237","post","type-post","status-publish","format-standard","has-post-thumbnail","hentry","category-8marc","category-batx-1","category-batx-1a","category-batx-1b","category-batx-2","category-batx-2a","category-batx-2b","category-deporientacio","category-general","category-portada"],"post_mailing_queue_ids":[],"_links":{"self":[{"href":"https:\/\/agora.xtec.cat\/iesmontbui\/wp-json\/wp\/v2\/posts\/8237","targetHints":{"allow":["GET"]}}],"collection":[{"href":"https:\/\/agora.xtec.cat\/iesmontbui\/wp-json\/wp\/v2\/posts"}],"about":[{"href":"https:\/\/agora.xtec.cat\/iesmontbui\/wp-json\/wp\/v2\/types\/post"}],"author":[{"embeddable":true,"href":"https:\/\/agora.xtec.cat\/iesmontbui\/wp-json\/wp\/v2\/users\/66"}],"replies":[{"embeddable":true,"href":"https:\/\/agora.xtec.cat\/iesmontbui\/wp-json\/wp\/v2\/comments?post=8237"}],"version-history":[{"count":3,"href":"https:\/\/agora.xtec.cat\/iesmontbui\/wp-json\/wp\/v2\/posts\/8237\/revisions"}],"predecessor-version":[{"id":8242,"href":"https:\/\/agora.xtec.cat\/iesmontbui\/wp-json\/wp\/v2\/posts\/8237\/revisions\/8242"}],"wp:featuredmedia":[{"embeddable":true,"href":"https:\/\/agora.xtec.cat\/iesmontbui\/wp-json\/wp\/v2\/media\/8240"}],"wp:attachment":[{"href":"https:\/\/agora.xtec.cat\/iesmontbui\/wp-json\/wp\/v2\/media?parent=8237"}],"wp:term":[{"taxonomy":"category","embeddable":true,"href":"https:\/\/agora.xtec.cat\/iesmontbui\/wp-json\/wp\/v2\/categories?post=8237"},{"taxonomy":"post_tag","embeddable":true,"href":"https:\/\/agora.xtec.cat\/iesmontbui\/wp-json\/wp\/v2\/tags?post=8237"}],"curies":[{"name":"wp","href":"https:\/\/api.w.org\/{rel}","templated":true}]}}