{"id":823,"date":"2016-10-02T12:47:55","date_gmt":"2016-10-02T11:47:55","guid":{"rendered":"http:\/\/agora.xtec.cat\/iesmontbui\/?p=823"},"modified":"2018-11-13T13:26:37","modified_gmt":"2018-11-13T12:26:37","slug":"intercanvi-ins-montbui-amb-lescola-norf","status":"publish","type":"post","link":"https:\/\/agora.xtec.cat\/iesmontbui\/general\/intercanvi-ins-montbui-amb-lescola-norf\/","title":{"rendered":"Intercanvi INS Montbui amb l\u00b4escola alemanya de Norf"},"content":{"rendered":"<p>Aquest divendres hem fet el tancament de l\u00b4 intercanvi anual amb l\u00b4escola de Norf amb tretze alumnes de 1r i 2n de Batxillerat. Hem realitzat tasques\u00a0de coneixement de l\u00b4entorn: <span style=\"color: #3366ff;\">gincanes a Igualada i Montbui<\/span>, on ens va rebre l&#8217;alcalde i va donar un petit obsequi als alumnes de l&#8217;intercanvi i cedint l&#8217;espai de Mont\u00e0gora per veure la pel.l\u00edcula &#8221; El dictador&#8221;. Tamb\u00e9 s\u00b4han portat a terme activitats de descoberta de la nostra cultura : <span style=\"color: #3366ff;\"><em>Taboo<\/em> sobre elements t\u00edpics de la cultura catalana<\/span> al taller d&#8217;angl\u00e8s, \u00a0<span style=\"color: #3366ff;\">taller de catal\u00e0<\/span> sobre la llengua catalana, or\u00edgens i comparaci\u00f3 amb altres, feta per la Txell Bernaus, i <span style=\"color: #3366ff;\">taller de zumba<\/span>, organitzat pel Llu\u00eds Amat i els alumnes de batxillerat Ruth Reymundi i Jasmina Egea. Divendres tamb\u00e9 v\u00e0rem assistir a un <span style=\"color: #3366ff;\">assaig dels Moixiganguers<\/span>, on vam participar a la pinya. <a href=\"http:\/\/agora.xtec.cat\/iesmontbui\/wp-content\/uploads\/usu145\/2016\/10\/foto-intercanvi-reduids-2.jpg\"><img loading=\"lazy\" decoding=\"async\" class=\"wp-image-826 alignright\" src=\"http:\/\/agora.xtec.cat\/iesmontbui\/wp-content\/uploads\/usu145\/2016\/10\/foto-intercanvi-reduids-2-1024x768.jpg\" alt=\"foto-intercanvi-reduids-2\" width=\"514\" height=\"385\" srcset=\"https:\/\/agora.xtec.cat\/iesmontbui\/wp-content\/uploads\/usu145\/2016\/10\/foto-intercanvi-reduids-2-1024x768.jpg 1024w, https:\/\/agora.xtec.cat\/iesmontbui\/wp-content\/uploads\/usu145\/2016\/10\/foto-intercanvi-reduids-2-300x225.jpg 300w, https:\/\/agora.xtec.cat\/iesmontbui\/wp-content\/uploads\/usu145\/2016\/10\/foto-intercanvi-reduids-2-768x576.jpg 768w, https:\/\/agora.xtec.cat\/iesmontbui\/wp-content\/uploads\/usu145\/2016\/10\/foto-intercanvi-reduids-2-200x150.jpg 200w\" sizes=\"auto, (max-width: 514px) 100vw, 514px\" \/><\/a>Per tal de con\u00e8ixer el nostre sistema educatiu, els alumnes d&#8217; intercanvi, van assistir un mat\u00ed amb els nostres alumnes a les <span style=\"color: #3366ff;\">aules de l\u00b4institut<\/span> i van veure el funcionament de les classes.<\/p>\n<p>D\u00b4altra banda s\u00b4han fet excursions a la <span style=\"color: #3366ff;\">Tossa<\/span>, on van fer una visita guiada i a\u00a0<span style=\"color: #3366ff;\">Barcelona<\/span> per visitar el <span style=\"color: #3366ff;\">Parc G\u00fcell<\/span>, <span style=\"color: #3366ff;\">La Sagrada Fam\u00edlia<\/span> i l\u00b4<span style=\"color: #3366ff;\">Eixample<\/span> amb explicacions de la Montserrat Costa. L &#8216; altre sortida va ser a <span style=\"color: #3366ff;\">Sant Sadurn\u00ed<\/span>, \u00a0a les <span style=\"color: #3366ff;\">Caves Freixenet<\/span>, la ciutat de <span style=\"color: #3366ff;\">Sitges<\/span> i l&#8217; \u00faltima al <span style=\"color: #3366ff;\">BCN Railhome<\/span> d&#8217; Igualada. Per part dels pares, es va muntar un sopar de comiat per a tots els participants de l&#8217;intercanvi.<\/p>\n<p>Vull agrair l\u00b4esfor\u00e7 fet per tothom, professorat, Ajuntament de Montbui, pares i alumnes i dir-vos que ja comencem a treballar pel proper intercanvi.<\/p>\n<p>Coordinadors intercanvi alemanya: Xavi Gum\u00e0 i M\u00aa Merc\u00e8 Gabarr\u00f3<\/p>\n","protected":false},"excerpt":{"rendered":"<p>Aquest divendres hem fet el tancament de l\u00b4 intercanvi anual amb l\u00b4escola de Norf amb tretze alumnes de 1r i 2n de Batxillerat. Hem realitzat tasques\u00a0de coneixement de l\u00b4entorn: gincanes a Igualada i Montbui, on ens va rebre l&#8217;alcalde i va donar un petit obsequi&hellip;  <a href=\"https:\/\/agora.xtec.cat\/iesmontbui\/general\/intercanvi-ins-montbui-amb-lescola-norf\/\" title=\"Read Intercanvi INS Montbui amb l\u00b4escola alemanya de Norf\">Llegeix m\u00e9s\u00bb<\/a><\/p>\n","protected":false},"author":1,"featured_media":826,"comment_status":"open","ping_status":"closed","sticky":false,"template":"","format":"standard","meta":{"_bbp_topic_count":0,"_bbp_reply_count":0,"_bbp_total_topic_count":0,"_bbp_total_reply_count":0,"_bbp_voice_count":0,"_bbp_anonymous_reply_count":0,"_bbp_topic_count_hidden":0,"_bbp_reply_count_hidden":0,"_bbp_forum_subforum_count":0,"footnotes":""},"categories":[31,67,68,8,1,147,29],"tags":[97],"class_list":["post-823","post","type-post","status-publish","format-standard","has-post-thumbnail","hentry","category-ampa","category-batx-1","category-batx-2","category-batxillerat","category-general","category-intercanvi","category-portada","tag-intercanvi"],"post_mailing_queue_ids":[],"_links":{"self":[{"href":"https:\/\/agora.xtec.cat\/iesmontbui\/wp-json\/wp\/v2\/posts\/823","targetHints":{"allow":["GET"]}}],"collection":[{"href":"https:\/\/agora.xtec.cat\/iesmontbui\/wp-json\/wp\/v2\/posts"}],"about":[{"href":"https:\/\/agora.xtec.cat\/iesmontbui\/wp-json\/wp\/v2\/types\/post"}],"author":[{"embeddable":true,"href":"https:\/\/agora.xtec.cat\/iesmontbui\/wp-json\/wp\/v2\/users\/1"}],"replies":[{"embeddable":true,"href":"https:\/\/agora.xtec.cat\/iesmontbui\/wp-json\/wp\/v2\/comments?post=823"}],"version-history":[{"count":4,"href":"https:\/\/agora.xtec.cat\/iesmontbui\/wp-json\/wp\/v2\/posts\/823\/revisions"}],"predecessor-version":[{"id":2780,"href":"https:\/\/agora.xtec.cat\/iesmontbui\/wp-json\/wp\/v2\/posts\/823\/revisions\/2780"}],"wp:featuredmedia":[{"embeddable":true,"href":"https:\/\/agora.xtec.cat\/iesmontbui\/wp-json\/wp\/v2\/media\/826"}],"wp:attachment":[{"href":"https:\/\/agora.xtec.cat\/iesmontbui\/wp-json\/wp\/v2\/media?parent=823"}],"wp:term":[{"taxonomy":"category","embeddable":true,"href":"https:\/\/agora.xtec.cat\/iesmontbui\/wp-json\/wp\/v2\/categories?post=823"},{"taxonomy":"post_tag","embeddable":true,"href":"https:\/\/agora.xtec.cat\/iesmontbui\/wp-json\/wp\/v2\/tags?post=823"}],"curies":[{"name":"wp","href":"https:\/\/api.w.org\/{rel}","templated":true}]}}