{"id":818,"date":"2016-09-29T08:36:01","date_gmt":"2016-09-29T07:36:01","guid":{"rendered":"http:\/\/agora.xtec.cat\/iesmontbui\/?p=818"},"modified":"2016-09-29T08:37:24","modified_gmt":"2016-09-29T07:37:24","slug":"escola-nova-21","status":"publish","type":"post","link":"https:\/\/agora.xtec.cat\/iesmontbui\/portada\/escola-nova-21\/","title":{"rendered":"Escola Nova 21"},"content":{"rendered":"<p><a href=\"http:\/\/agora.xtec.cat\/iesmontbui\/wp-content\/uploads\/usu145\/2016\/09\/escolanova_logo.png\"><img loading=\"lazy\" decoding=\"async\" class=\"alignnone size-full wp-image-819\" src=\"http:\/\/agora.xtec.cat\/iesmontbui\/wp-content\/uploads\/usu145\/2016\/09\/escolanova_logo.png\" alt=\"escolanova_logo\" width=\"346\" height=\"118\" srcset=\"https:\/\/agora.xtec.cat\/iesmontbui\/wp-content\/uploads\/usu145\/2016\/09\/escolanova_logo.png 346w, https:\/\/agora.xtec.cat\/iesmontbui\/wp-content\/uploads\/usu145\/2016\/09\/escolanova_logo-300x102.png 300w\" sizes=\"auto, (max-width: 346px) 100vw, 346px\" \/><\/a><\/p>\n<p>&nbsp;<\/p>\n<p>Aquesta setmana s&#8217;ha fet p\u00fablic el llistat de centres que formaran part del projecte <a href=\"http:\/\/www.escolanova21.cat\/\">Escola Nova 21<\/a>. L&#8217;Institut Montbui i l&#8217;Escola Pia, s\u00f3n els dos \u00fanics centres de secund\u00e0ria de l&#8217;Anoia que en formaran part, juntament amb 9 centres de prim\u00e0ria. Us adjuntem la not\u00edcia apareguda a <a href=\"http:\/\/infoanoia.cat\/not\/19299\/centres-educatius-de-l-anoia-se-sumen-al-projecte-escola-nova-21\/\">Infoanoia<\/a>.<\/p>\n","protected":false},"excerpt":{"rendered":"<p><a href=\"http:\/\/agora.xtec.cat\/iesmontbui\/wp-content\/uploads\/usu145\/2016\/09\/escolanova_logo.png\"><\/a><br \/>\n&nbsp;<br \/>\nAquesta setmana s&#8217;ha fet p\u00fablic el llistat de centres que formaran part del projecte <a href=\"http:\/\/www.escolanova21.cat\/\">Escola Nova 21<\/a>. L&#8217;Institut Montbui i l&#8217;Escola Pia, s\u00f3n els dos \u00fanics centres de secund\u00e0ria de l&#8217;Anoia que en formaran part, juntament amb 9 centres de prim\u00e0ria. Us adjuntem&hellip;  <a href=\"https:\/\/agora.xtec.cat\/iesmontbui\/portada\/escola-nova-21\/\" title=\"Read Escola Nova 21\">Llegeix m\u00e9s\u00bb<\/a><\/p>\n","protected":false},"author":1,"featured_media":819,"comment_status":"open","ping_status":"open","sticky":false,"template":"","format":"standard","meta":{"_bbp_topic_count":0,"_bbp_reply_count":0,"_bbp_total_topic_count":0,"_bbp_total_reply_count":0,"_bbp_voice_count":0,"_bbp_anonymous_reply_count":0,"_bbp_topic_count_hidden":0,"_bbp_reply_count_hidden":0,"_bbp_forum_subforum_count":0,"footnotes":""},"categories":[29],"tags":[],"class_list":["post-818","post","type-post","status-publish","format-standard","has-post-thumbnail","hentry","category-portada"],"post_mailing_queue_ids":[],"_links":{"self":[{"href":"https:\/\/agora.xtec.cat\/iesmontbui\/wp-json\/wp\/v2\/posts\/818","targetHints":{"allow":["GET"]}}],"collection":[{"href":"https:\/\/agora.xtec.cat\/iesmontbui\/wp-json\/wp\/v2\/posts"}],"about":[{"href":"https:\/\/agora.xtec.cat\/iesmontbui\/wp-json\/wp\/v2\/types\/post"}],"author":[{"embeddable":true,"href":"https:\/\/agora.xtec.cat\/iesmontbui\/wp-json\/wp\/v2\/users\/1"}],"replies":[{"embeddable":true,"href":"https:\/\/agora.xtec.cat\/iesmontbui\/wp-json\/wp\/v2\/comments?post=818"}],"version-history":[{"count":2,"href":"https:\/\/agora.xtec.cat\/iesmontbui\/wp-json\/wp\/v2\/posts\/818\/revisions"}],"predecessor-version":[{"id":822,"href":"https:\/\/agora.xtec.cat\/iesmontbui\/wp-json\/wp\/v2\/posts\/818\/revisions\/822"}],"wp:featuredmedia":[{"embeddable":true,"href":"https:\/\/agora.xtec.cat\/iesmontbui\/wp-json\/wp\/v2\/media\/819"}],"wp:attachment":[{"href":"https:\/\/agora.xtec.cat\/iesmontbui\/wp-json\/wp\/v2\/media?parent=818"}],"wp:term":[{"taxonomy":"category","embeddable":true,"href":"https:\/\/agora.xtec.cat\/iesmontbui\/wp-json\/wp\/v2\/categories?post=818"},{"taxonomy":"post_tag","embeddable":true,"href":"https:\/\/agora.xtec.cat\/iesmontbui\/wp-json\/wp\/v2\/tags?post=818"}],"curies":[{"name":"wp","href":"https:\/\/api.w.org\/{rel}","templated":true}]}}