{"id":8157,"date":"2023-02-24T11:09:10","date_gmt":"2023-02-24T10:09:10","guid":{"rendered":"https:\/\/agora.xtec.cat\/iesmontbui\/?p=8157"},"modified":"2023-02-24T11:09:10","modified_gmt":"2023-02-24T10:09:10","slug":"esquiada-2023","status":"publish","type":"post","link":"https:\/\/agora.xtec.cat\/iesmontbui\/eso\/esquiada-2023\/","title":{"rendered":"Esquiada 2023"},"content":{"rendered":"<p style=\"text-align: justify;\"><span style=\"font-weight: 400;\">Els dies 7 i 14 de febrer de 2023, amb alumnes de tots els cursos, ens vam despla\u00e7ar a la Masella per gaudir d\u2019un dia d\u2019esqu\u00ed en plenitud, dues hores de monitor i 5 hores de pr\u00e0ctica activa per posar en pr\u00e0ctica els rudiments i t\u00e8cniques que ens han ensenyat en l\u2019activitat dirigida.\u00a0<\/span><\/p>\n<p style=\"text-align: justify;\"><span style=\"font-weight: 400;\">El dia 7 de febrer a les 6:15 h. del mat\u00ed -ben d\u2019hora pels mandrosos-, vam comen\u00e7ar el dia amb for\u00e7a il\u00b7lusi\u00f3, ja que algun del nostre alumnat no havia fet mai aquesta activitat<\/span><\/p>\n<p style=\"text-align: justify;\"><span style=\"font-weight: 400;\">ens vam dirigir a les pistes d\u2019esqu\u00ed amb 71 nois i noies de 1r i 3r ESO i 2n de Batxillerat per constatar, en la seva majoria, el primer contacte amb un esport d\u2019hivern com \u00e9s l\u2019esqu\u00ed alp\u00ed, pr\u00e0ctica que ens permet realitzar activitat f\u00edsica en un entorn natural immillorable i desenvolupar unes habilitats que s\u00f3n molt dif\u00edcils de replicar en les condicions geogr\u00e0fiques en qu\u00e8 vivim nosaltres. Tot i que el dia es va desenvolupar de forma adequada, les condicions meteorol\u00f2giques no van ser les millors i ens va nevar tot el dia, sobretot a partir de l\u2019hora de dinar que ho va fer amb m\u00e9s intensitat<\/span><\/p>\n<p style=\"text-align: justify;\"><span style=\"font-weight: 400;\">El dia 14, tamb\u00e9 a la mateixa hora i amb una seixantena de noies i nois de 2n, 4t d\u2019ESO i Batxillerat, vam iniciar el cam\u00ed de l\u2019esquiada que despr\u00e9s de les dues hores d&#8217;activitat dirigida ens va deixar molt temps per millorar i augmentar els coneixements t\u00e8cnics de l\u2019esqu\u00ed alp\u00ed. En els dos casos ens va deixar molt bones sensacions i ganes de m\u00e9s, tots els alumnes van manifestar la i il\u00b7lusi\u00f3 de repetir l&#8217;experi\u00e8ncia i, fins i tot, d\u2019ampliar-la. Aquest dia s\u00ed que ens va acompanyar el bon temps i el sol va brillar de forma espl\u00e8ndida.\u00a0<\/span><\/p>\n<p style=\"text-align: justify;\"><span style=\"font-weight: 400;\">Les valoracions ens deixen molt contents, ja que ens donen peu a seguir apostant per una activitat d\u2019aquest tipus, que proporciona la possibilitat que els nostres alumnes participin i visquin experi\u00e8ncies m\u00e9s enll\u00e0 de l\u2019entorn escolar.<\/span><\/p>\n<p style=\"text-align: justify;\"><span style=\"font-weight: 400;\">Lamentem alguns petis incidents, que esperem que siguin de r\u00e0pida recuperaci\u00f3, ja que l\u2019experi\u00e8ncia s\u2019ho val. Tamb\u00e9 volem agrair al professorat que ens va acompanyar la dilig\u00e8ncia en les seves actuacions i, aix\u00ed mateix, destacar el bon comportament i actitud de tots els nois i noies que van participar en la sortida. Us deixem un recull fotogr\u00e0fic d&#8217;aquestes dues diades esportives.<\/span><\/p>\n<p style=\"text-align: justify;\"><span style=\"font-weight: 400;\">\u00a0L\u2019any vinent, m\u00e9s i millor\u2026!<\/span><\/p>\n<p style=\"text-align: right;\"><strong>Mag\u00ed Badia<\/strong><\/p>\n<p><a href=\"https:\/\/drive.google.com\/drive\/folders\/1NpNEUKqVjC32MdmHWUrWOdp5R1GWRnH3?usp=sharing\">Recull fotogr\u00e0fic Esquiada 23<\/a><\/p>\n","protected":false},"excerpt":{"rendered":"<p>Els dies 7 i 14 de febrer de 2023, amb alumnes de tots els cursos, ens vam despla\u00e7ar a la Masella per gaudir d\u2019un dia d\u2019esqu\u00ed en plenitud, dues hores de monitor i 5 hores de pr\u00e0ctica activa per posar en pr\u00e0ctica els rudiments i&hellip;  <a href=\"https:\/\/agora.xtec.cat\/iesmontbui\/eso\/esquiada-2023\/\" title=\"Read Esquiada 2023\">Llegeix m\u00e9s\u00bb<\/a><\/p>\n","protected":false},"author":66,"featured_media":8158,"comment_status":"closed","ping_status":"closed","sticky":false,"template":"","format":"standard","meta":{"_bbp_topic_count":0,"_bbp_reply_count":0,"_bbp_total_topic_count":0,"_bbp_total_reply_count":0,"_bbp_voice_count":0,"_bbp_anonymous_reply_count":0,"_bbp_topic_count_hidden":0,"_bbp_reply_count_hidden":0,"_bbp_forum_subforum_count":0,"footnotes":""},"categories":[67,68,8,121,3,4,5,6,7,29],"tags":[],"class_list":["post-8157","post","type-post","status-publish","format-standard","has-post-thumbnail","hentry","category-batx-1","category-batx-2","category-batxillerat","category-depexpressio","category-eso","category-eso-1","category-eso-2","category-eso-3","category-eso-4","category-portada"],"post_mailing_queue_ids":[],"_links":{"self":[{"href":"https:\/\/agora.xtec.cat\/iesmontbui\/wp-json\/wp\/v2\/posts\/8157","targetHints":{"allow":["GET"]}}],"collection":[{"href":"https:\/\/agora.xtec.cat\/iesmontbui\/wp-json\/wp\/v2\/posts"}],"about":[{"href":"https:\/\/agora.xtec.cat\/iesmontbui\/wp-json\/wp\/v2\/types\/post"}],"author":[{"embeddable":true,"href":"https:\/\/agora.xtec.cat\/iesmontbui\/wp-json\/wp\/v2\/users\/66"}],"replies":[{"embeddable":true,"href":"https:\/\/agora.xtec.cat\/iesmontbui\/wp-json\/wp\/v2\/comments?post=8157"}],"version-history":[{"count":1,"href":"https:\/\/agora.xtec.cat\/iesmontbui\/wp-json\/wp\/v2\/posts\/8157\/revisions"}],"predecessor-version":[{"id":8159,"href":"https:\/\/agora.xtec.cat\/iesmontbui\/wp-json\/wp\/v2\/posts\/8157\/revisions\/8159"}],"wp:featuredmedia":[{"embeddable":true,"href":"https:\/\/agora.xtec.cat\/iesmontbui\/wp-json\/wp\/v2\/media\/8158"}],"wp:attachment":[{"href":"https:\/\/agora.xtec.cat\/iesmontbui\/wp-json\/wp\/v2\/media?parent=8157"}],"wp:term":[{"taxonomy":"category","embeddable":true,"href":"https:\/\/agora.xtec.cat\/iesmontbui\/wp-json\/wp\/v2\/categories?post=8157"},{"taxonomy":"post_tag","embeddable":true,"href":"https:\/\/agora.xtec.cat\/iesmontbui\/wp-json\/wp\/v2\/tags?post=8157"}],"curies":[{"name":"wp","href":"https:\/\/api.w.org\/{rel}","templated":true}]}}