{"id":8076,"date":"2023-01-25T10:17:03","date_gmt":"2023-01-25T09:17:03","guid":{"rendered":"https:\/\/agora.xtec.cat\/iesmontbui\/?p=8076"},"modified":"2023-01-25T10:17:03","modified_gmt":"2023-01-25T09:17:03","slug":"tancament-acces-c-de-la-tossa","status":"publish","type":"post","link":"https:\/\/agora.xtec.cat\/iesmontbui\/portada\/tancament-acces-c-de-la-tossa\/","title":{"rendered":"Tancament acc\u00e9s C\/de la Tossa"},"content":{"rendered":"<p>Benvolgudes fam\u00edlies,<\/p>\n<p style=\"text-align: justify;\">Us informem que l&#8217;acc\u00e9s al centre pel carrer de la Tossa romandr\u00e0 tancat fins a la finalitzaci\u00f3 de les obres de pacificaci\u00f3 i millora, que s&#8217;estan duent a terme a la zona i que es preveu que tinguin una durada aproximada de 3 mesos (per a m\u00e9s informaci\u00f3 podeu consultar la <a href=\"https:\/\/www.montbui.cat\/actualitat\/noticiesagenda-dactualitat\/en-marxa-les-obres-de-pacificacio-viaria-a-lentorn-de-lescola-antoni-gaudi-i-linstitut-montbui.html\">web de l&#8217;Ajuntament<\/a>).<\/p>\n<p>Durant aquest lapse de temps l&#8217;alumnat haur\u00e0 d&#8217;accedir al centre per la porta del <strong>carrer Lope de Vega<\/strong>.<\/p>\n<p>Disculpeu les mol\u00e8sties que us puguem ocasionar.<\/p>\n<p style=\"text-align: right;\"><strong>Comunicaci\u00f3<\/strong><\/p>\n","protected":false},"excerpt":{"rendered":"<p>Benvolgudes fam\u00edlies,<br \/>\nUs informem que l&#8217;acc\u00e9s al centre pel carrer de la Tossa romandr\u00e0 tancat fins a la finalitzaci\u00f3 de les obres de pacificaci\u00f3 i millora, que s&#8217;estan duent a terme a la zona i que es preveu que tinguin una durada aproximada de 3 mesos&hellip;  <a href=\"https:\/\/agora.xtec.cat\/iesmontbui\/portada\/tancament-acces-c-de-la-tossa\/\" title=\"Read Tancament acc\u00e9s C\/de la Tossa\">Llegeix m\u00e9s\u00bb<\/a><\/p>\n","protected":false},"author":66,"featured_media":8077,"comment_status":"closed","ping_status":"closed","sticky":false,"template":"","format":"standard","meta":{"_bbp_topic_count":0,"_bbp_reply_count":0,"_bbp_total_topic_count":0,"_bbp_total_reply_count":0,"_bbp_voice_count":0,"_bbp_anonymous_reply_count":0,"_bbp_topic_count_hidden":0,"_bbp_reply_count_hidden":0,"_bbp_forum_subforum_count":0,"footnotes":""},"categories":[98,62,29],"tags":[],"class_list":["post-8076","post","type-post","status-publish","format-standard","has-post-thumbnail","hentry","category-comunicats","category-orgacentre","category-portada"],"post_mailing_queue_ids":[],"_links":{"self":[{"href":"https:\/\/agora.xtec.cat\/iesmontbui\/wp-json\/wp\/v2\/posts\/8076","targetHints":{"allow":["GET"]}}],"collection":[{"href":"https:\/\/agora.xtec.cat\/iesmontbui\/wp-json\/wp\/v2\/posts"}],"about":[{"href":"https:\/\/agora.xtec.cat\/iesmontbui\/wp-json\/wp\/v2\/types\/post"}],"author":[{"embeddable":true,"href":"https:\/\/agora.xtec.cat\/iesmontbui\/wp-json\/wp\/v2\/users\/66"}],"replies":[{"embeddable":true,"href":"https:\/\/agora.xtec.cat\/iesmontbui\/wp-json\/wp\/v2\/comments?post=8076"}],"version-history":[{"count":1,"href":"https:\/\/agora.xtec.cat\/iesmontbui\/wp-json\/wp\/v2\/posts\/8076\/revisions"}],"predecessor-version":[{"id":8078,"href":"https:\/\/agora.xtec.cat\/iesmontbui\/wp-json\/wp\/v2\/posts\/8076\/revisions\/8078"}],"wp:featuredmedia":[{"embeddable":true,"href":"https:\/\/agora.xtec.cat\/iesmontbui\/wp-json\/wp\/v2\/media\/8077"}],"wp:attachment":[{"href":"https:\/\/agora.xtec.cat\/iesmontbui\/wp-json\/wp\/v2\/media?parent=8076"}],"wp:term":[{"taxonomy":"category","embeddable":true,"href":"https:\/\/agora.xtec.cat\/iesmontbui\/wp-json\/wp\/v2\/categories?post=8076"},{"taxonomy":"post_tag","embeddable":true,"href":"https:\/\/agora.xtec.cat\/iesmontbui\/wp-json\/wp\/v2\/tags?post=8076"}],"curies":[{"name":"wp","href":"https:\/\/api.w.org\/{rel}","templated":true}]}}