{"id":8072,"date":"2023-01-24T08:00:26","date_gmt":"2023-01-24T07:00:26","guid":{"rendered":"https:\/\/agora.xtec.cat\/iesmontbui\/?p=8072"},"modified":"2023-01-24T02:00:13","modified_gmt":"2023-01-24T01:00:13","slug":"vaga-destudiants-i-professorat-25-i-26-de-gener","status":"publish","type":"post","link":"https:\/\/agora.xtec.cat\/iesmontbui\/portada\/vaga-destudiants-i-professorat-25-i-26-de-gener\/","title":{"rendered":"Vaga d&#8217;estudiants i professorat (25 i 26 de gener)"},"content":{"rendered":"<p>Benvolgudes fam\u00edlies,<\/p>\n<p>Us informem que alguns sindicats d\u2019ensenyament\u00a0han convocat una vaga de professorat pels dies\u00a0<b>25 i 26 de gener de 2023<\/b>.<\/p>\n<p>Durant les hores de classe en les quals el professorat estigui exercint el seu dret a vaga, l\u2019alumnat estar\u00e0 vigilat, per\u00f2 no far\u00e0 classe.<\/p>\n<p>L\u2019activitat lectiva dels docents que no s\u2019acullin al dret de vaga es far\u00e0 sempre que els serveis m\u00ednims estiguin coberts.<\/p>\n<p>Us informem tamb\u00e9 que l\u2019<strong>alumnat de 3r, 4t d\u2019ESO, PFI i 1r de Batxillerat<\/strong>, complint normativa i terminis del centre, ha demanat realitzar la vaga convocada per diferents sindicats de professors i el sindicat d\u2019estudiants\u00a0<strong>pels mateixos dies 25 i 26 de gener<\/strong>.\u00a0<b><u>El dia 25, per\u00f2, no faran vaga 3r d&#8217;ESO ni 1r de Batxillerat, en trobar-se de sortida a Barcelona.<\/u><\/b><\/p>\n<p>Recordem doncs que l\u2019alumnat\u00a0 de 3ri 4t d&#8217;ESO que s\u2019adhereixi a la vaga i no vingui al centre ha de justificar-ho i, per tant, les fam\u00edlies que estigueu d\u2019acord amb el fet que els vostres fills exerceixin el dret a vaga cal que ompliu el justificant que l\u2019alumnat trobar\u00e0 impr\u00e8s a la consergeria del centre o que podeu descarregar\u00a0<a href=\"https:\/\/agora.xtec.cat\/iesmontbui\/wp-content\/uploads\/usu145\/2021\/03\/Regulaci%C3%B3-Vagues-Estudiants.pdf\" target=\"_blank\" rel=\"noopener\" data-saferedirecturl=\"https:\/\/www.google.com\/url?q=https:\/\/agora.xtec.cat\/iesmontbui\/wp-content\/uploads\/usu145\/2021\/03\/Regulaci%25C3%25B3-Vagues-Estudiants.pdf&amp;source=gmail&amp;ust=1674608164530000&amp;usg=AOvVaw3onWYDzP5zRCErnBNg2pKG\">en aquest enlla\u00e7<\/a>.<\/p>\n<p><strong>En cap cas pot acollir-se al dret de vaga l\u2019alumnat de 1r i 2n d\u2019ESO<\/strong>.<\/p>\n<p>Atentament,<\/p>\n<p><strong>Equip directiu<\/strong><\/p>\n","protected":false},"excerpt":{"rendered":"<p>Benvolgudes fam\u00edlies,<br \/>\nUs informem que alguns sindicats d\u2019ensenyament\u00a0han convocat una vaga de professorat pels dies\u00a025 i 26 de gener de 2023.<br \/>\nDurant les hores de classe en les quals el professorat estigui exercint el seu dret a vaga, l\u2019alumnat estar\u00e0 vigilat, per\u00f2 no far\u00e0 classe.<br \/>\nL\u2019activitat lectiva dels&hellip;  <a href=\"https:\/\/agora.xtec.cat\/iesmontbui\/portada\/vaga-destudiants-i-professorat-25-i-26-de-gener\/\" title=\"Read Vaga d&#8217;estudiants i professorat (25 i 26 de gener)\">Llegeix m\u00e9s\u00bb<\/a><\/p>\n","protected":false},"author":66,"featured_media":8073,"comment_status":"closed","ping_status":"closed","sticky":false,"template":"","format":"standard","meta":{"_bbp_topic_count":0,"_bbp_reply_count":0,"_bbp_total_topic_count":0,"_bbp_total_reply_count":0,"_bbp_voice_count":0,"_bbp_anonymous_reply_count":0,"_bbp_topic_count_hidden":0,"_bbp_reply_count_hidden":0,"_bbp_forum_subforum_count":0,"footnotes":""},"categories":[98,116,112,117,113,114,115,118,29],"tags":[],"class_list":["post-8072","post","type-post","status-publish","format-standard","has-post-thumbnail","hentry","category-comunicats","category-comunicats1btx","category-comunicats1","category-comunicats2btx","category-comunicats2","category-comunicats3","category-comunicats4","category-comunicatspfi","category-portada"],"post_mailing_queue_ids":[],"_links":{"self":[{"href":"https:\/\/agora.xtec.cat\/iesmontbui\/wp-json\/wp\/v2\/posts\/8072","targetHints":{"allow":["GET"]}}],"collection":[{"href":"https:\/\/agora.xtec.cat\/iesmontbui\/wp-json\/wp\/v2\/posts"}],"about":[{"href":"https:\/\/agora.xtec.cat\/iesmontbui\/wp-json\/wp\/v2\/types\/post"}],"author":[{"embeddable":true,"href":"https:\/\/agora.xtec.cat\/iesmontbui\/wp-json\/wp\/v2\/users\/66"}],"replies":[{"embeddable":true,"href":"https:\/\/agora.xtec.cat\/iesmontbui\/wp-json\/wp\/v2\/comments?post=8072"}],"version-history":[{"count":1,"href":"https:\/\/agora.xtec.cat\/iesmontbui\/wp-json\/wp\/v2\/posts\/8072\/revisions"}],"predecessor-version":[{"id":8074,"href":"https:\/\/agora.xtec.cat\/iesmontbui\/wp-json\/wp\/v2\/posts\/8072\/revisions\/8074"}],"wp:featuredmedia":[{"embeddable":true,"href":"https:\/\/agora.xtec.cat\/iesmontbui\/wp-json\/wp\/v2\/media\/8073"}],"wp:attachment":[{"href":"https:\/\/agora.xtec.cat\/iesmontbui\/wp-json\/wp\/v2\/media?parent=8072"}],"wp:term":[{"taxonomy":"category","embeddable":true,"href":"https:\/\/agora.xtec.cat\/iesmontbui\/wp-json\/wp\/v2\/categories?post=8072"},{"taxonomy":"post_tag","embeddable":true,"href":"https:\/\/agora.xtec.cat\/iesmontbui\/wp-json\/wp\/v2\/tags?post=8072"}],"curies":[{"name":"wp","href":"https:\/\/api.w.org\/{rel}","templated":true}]}}