{"id":7933,"date":"2022-12-13T11:59:00","date_gmt":"2022-12-13T10:59:00","guid":{"rendered":"https:\/\/agora.xtec.cat\/iesmontbui\/?p=7933"},"modified":"2022-12-24T13:01:46","modified_gmt":"2022-12-24T12:01:46","slug":"matinal-musical-a-la-tossa-18-de-desembre","status":"publish","type":"post","link":"https:\/\/agora.xtec.cat\/iesmontbui\/eso\/matinal-musical-a-la-tossa-18-de-desembre\/","title":{"rendered":"Matinal musical a la Tossa (18 de desembre)"},"content":{"rendered":"<p style=\"text-align: justify;\">El diumenge 18 de desembre tingu\u00e9 lloc una matinal de concerts escolars a la Tossa de Montbui, organitzat per Aula d&#8217;Orquestra, i ser\u00e0 a c\u00e0rrec de les agrupacions musicals dels diferents centres escolars del municipi. L&#8217;ordre d&#8217;actuaci\u00f3 fou el seg\u00fcent:<\/p>\n<ul>\n<li style=\"text-align: justify;\">10:30 h. Orquestra Fusi\u00f3 (1r d&#8217;ESO) i Coral de l&#8217;Institut Montbui<\/li>\n<li style=\"text-align: justify;\">11:00 h. Violins i violoncels de l&#8217;Escola Antoni Gaud\u00ed<\/li>\n<li>11:30 h. Violins i violoncels de l&#8217;Escola Garc\u00eda Lorca (grup A)<\/li>\n<li>12:00 h. Violins i violoncels de l&#8217;Escola Garc\u00eda Lorca (grup B)<\/li>\n<li>12:30 h. Violins i violoncels de l&#8217;Escola Montbou<\/li>\n<\/ul>\n<p style=\"text-align: right;\"><strong>AraART<\/strong><\/p>\n<p><a href=\"https:\/\/agora.xtec.cat\/iesmontbui\/eso\/matinal-musical-a-la-tossa-18-de-desembre\/attachment\/screenshot_2022-12-13-11-55-22-459-edit_com-adobe-reader\/\" rel=\"attachment wp-att-7936\"><img loading=\"lazy\" decoding=\"async\" class=\"alignnone size-full wp-image-7936\" src=\"https:\/\/agora.xtec.cat\/iesmontbui\/wp-content\/uploads\/usu145\/2022\/12\/Screenshot_2022-12-13-11-55-22-459-edit_com.adobe_.reader.jpg\" alt=\"\" width=\"1080\" height=\"1438\" srcset=\"https:\/\/agora.xtec.cat\/iesmontbui\/wp-content\/uploads\/usu145\/2022\/12\/Screenshot_2022-12-13-11-55-22-459-edit_com.adobe_.reader.jpg 1080w, https:\/\/agora.xtec.cat\/iesmontbui\/wp-content\/uploads\/usu145\/2022\/12\/Screenshot_2022-12-13-11-55-22-459-edit_com.adobe_.reader-225x300.jpg 225w, https:\/\/agora.xtec.cat\/iesmontbui\/wp-content\/uploads\/usu145\/2022\/12\/Screenshot_2022-12-13-11-55-22-459-edit_com.adobe_.reader-769x1024.jpg 769w, https:\/\/agora.xtec.cat\/iesmontbui\/wp-content\/uploads\/usu145\/2022\/12\/Screenshot_2022-12-13-11-55-22-459-edit_com.adobe_.reader-768x1023.jpg 768w\" sizes=\"auto, (max-width: 1080px) 100vw, 1080px\" \/><\/a><\/p>\n<p>&nbsp;<\/p>\n","protected":false},"excerpt":{"rendered":"<p>El diumenge 18 de desembre tingu\u00e9 lloc una matinal de concerts escolars a la Tossa de Montbui, organitzat per Aula d&#8217;Orquestra, i ser\u00e0 a c\u00e0rrec de les agrupacions musicals dels diferents centres escolars del municipi. L&#8217;ordre d&#8217;actuaci\u00f3 fou el seg\u00fcent:<\/p>\n<ul>\n<li style=\"text-align: justify;\">10:30 h. Orquestra Fusi\u00f3&hellip;  <a href=\"https:\/\/agora.xtec.cat\/iesmontbui\/eso\/matinal-musical-a-la-tossa-18-de-desembre\/\" title=\"Read Matinal musical a la Tossa (18 de desembre)\">Llegeix m\u00e9s\u00bb<\/a><br \/>\n","protected":false},"author":66,"featured_media":8011,"comment_status":"closed","ping_status":"closed","sticky":false,"template":"","format":"standard","meta":{"_bbp_topic_count":0,"_bbp_reply_count":0,"_bbp_total_topic_count":0,"_bbp_total_reply_count":0,"_bbp_voice_count":0,"_bbp_anonymous_reply_count":0,"_bbp_topic_count_hidden":0,"_bbp_reply_count_hidden":0,"_bbp_forum_subforum_count":0,"footnotes":""},"categories":[190,161,121,3,4,29],"tags":[],"class_list":["post-7933","post","type-post","status-publish","format-standard","has-post-thumbnail","hentry","category-araart","category-coral","category-depexpressio","category-eso","category-eso-1","category-portada"],"post_mailing_queue_ids":[],"_links":{"self":[{"href":"https:\/\/agora.xtec.cat\/iesmontbui\/wp-json\/wp\/v2\/posts\/7933","targetHints":{"allow":["GET"]}}],"collection":[{"href":"https:\/\/agora.xtec.cat\/iesmontbui\/wp-json\/wp\/v2\/posts"}],"about":[{"href":"https:\/\/agora.xtec.cat\/iesmontbui\/wp-json\/wp\/v2\/types\/post"}],"author":[{"embeddable":true,"href":"https:\/\/agora.xtec.cat\/iesmontbui\/wp-json\/wp\/v2\/users\/66"}],"replies":[{"embeddable":true,"href":"https:\/\/agora.xtec.cat\/iesmontbui\/wp-json\/wp\/v2\/comments?post=7933"}],"version-history":[{"count":3,"href":"https:\/\/agora.xtec.cat\/iesmontbui\/wp-json\/wp\/v2\/posts\/7933\/revisions"}],"predecessor-version":[{"id":7959,"href":"https:\/\/agora.xtec.cat\/iesmontbui\/wp-json\/wp\/v2\/posts\/7933\/revisions\/7959"}],"wp:featuredmedia":[{"embeddable":true,"href":"https:\/\/agora.xtec.cat\/iesmontbui\/wp-json\/wp\/v2\/media\/8011"}],"wp:attachment":[{"href":"https:\/\/agora.xtec.cat\/iesmontbui\/wp-json\/wp\/v2\/media?parent=7933"}],"wp:term":[{"taxonomy":"category","embeddable":true,"href":"https:\/\/agora.xtec.cat\/iesmontbui\/wp-json\/wp\/v2\/categories?post=7933"},{"taxonomy":"post_tag","embeddable":true,"href":"https:\/\/agora.xtec.cat\/iesmontbui\/wp-json\/wp\/v2\/tags?post=7933"}],"curies":[{"name":"wp","href":"https:\/\/api.w.org\/{rel}","templated":true}]}}