{"id":7892,"date":"2022-12-02T09:00:19","date_gmt":"2022-12-02T08:00:19","guid":{"rendered":"https:\/\/agora.xtec.cat\/iesmontbui\/?p=7892"},"modified":"2022-12-04T19:42:53","modified_gmt":"2022-12-04T18:42:53","slug":"ja-som-escola-verda","status":"publish","type":"post","link":"https:\/\/agora.xtec.cat\/iesmontbui\/portada\/ja-som-escola-verda\/","title":{"rendered":"Ja som Escola Verda!"},"content":{"rendered":"<p style=\"text-align: justify;\">El 26 de novembre ha tingut lloc la XIX Trobada d\u2019Escoles Verdes al Museu de la Ci\u00e8ncia, Cosmocaixa Barcelona, on la Consellera d\u2019Acci\u00f3 Clim\u00e0tica, Alimentaci\u00f3 i Agenda Rural, la Sra. Teresa Jord\u00e0 i Roura i el Conseller d\u2019Educaci\u00f3, el Sr. Josep Gonz\u00e1lez Cambray, han lliurat els 78 nous distintius als centres educatius que s\u2019incorporen a la Xarxa d\u2019Escoles Verdes.<\/p>\n\n\t\t<style type=\"text\/css\">\n\t\t\t#gallery-1 {\n\t\t\t\tmargin: auto;\n\t\t\t}\n\t\t\t#gallery-1 .gallery-item {\n\t\t\t\tfloat: left;\n\t\t\t\tmargin-top: 10px;\n\t\t\t\ttext-align: center;\n\t\t\t\twidth: 50%;\n\t\t\t}\n\t\t\t#gallery-1 img {\n\t\t\t\tborder: 2px solid #cfcfcf;\n\t\t\t}\n\t\t\t#gallery-1 .gallery-caption {\n\t\t\t\tmargin-left: 0;\n\t\t\t}\n\t\t\t\/* see gallery_shortcode() in wp-includes\/media.php *\/\n\t\t<\/style>\n\t\t<div id='gallery-1' class='gallery galleryid-7892 gallery-columns-2 gallery-size-medium'><dl class='gallery-item'>\n\t\t\t<dt class='gallery-icon landscape'>\n\t\t\t\t<a href='https:\/\/agora.xtec.cat\/iesmontbui\/portada\/ja-som-escola-verda\/attachment\/escoles-verdes_056\/'><img loading=\"lazy\" decoding=\"async\" width=\"300\" height=\"200\" src=\"https:\/\/agora.xtec.cat\/iesmontbui\/wp-content\/uploads\/usu145\/2022\/12\/Escoles-Verdes_056-300x200.jpg\" class=\"attachment-medium size-medium\" alt=\"\" srcset=\"https:\/\/agora.xtec.cat\/iesmontbui\/wp-content\/uploads\/usu145\/2022\/12\/Escoles-Verdes_056-300x200.jpg 300w, https:\/\/agora.xtec.cat\/iesmontbui\/wp-content\/uploads\/usu145\/2022\/12\/Escoles-Verdes_056-768x512.jpg 768w, https:\/\/agora.xtec.cat\/iesmontbui\/wp-content\/uploads\/usu145\/2022\/12\/Escoles-Verdes_056.jpg 1024w\" sizes=\"auto, (max-width: 300px) 100vw, 300px\" \/><\/a>\n\t\t\t<\/dt><\/dl><dl class='gallery-item'>\n\t\t\t<dt class='gallery-icon landscape'>\n\t\t\t\t<a href='https:\/\/agora.xtec.cat\/iesmontbui\/portada\/ja-som-escola-verda\/attachment\/escoles-verdes_055\/'><img loading=\"lazy\" decoding=\"async\" width=\"300\" height=\"200\" src=\"https:\/\/agora.xtec.cat\/iesmontbui\/wp-content\/uploads\/usu145\/2022\/12\/Escoles-Verdes_055-300x200.jpg\" class=\"attachment-medium size-medium\" alt=\"\" srcset=\"https:\/\/agora.xtec.cat\/iesmontbui\/wp-content\/uploads\/usu145\/2022\/12\/Escoles-Verdes_055-300x200.jpg 300w, https:\/\/agora.xtec.cat\/iesmontbui\/wp-content\/uploads\/usu145\/2022\/12\/Escoles-Verdes_055-768x512.jpg 768w, https:\/\/agora.xtec.cat\/iesmontbui\/wp-content\/uploads\/usu145\/2022\/12\/Escoles-Verdes_055.jpg 1024w\" sizes=\"auto, (max-width: 300px) 100vw, 300px\" \/><\/a>\n\t\t\t<\/dt><\/dl><br style=\"clear: both\" \/>\n\t\t<\/div>\n\n<p style=\"text-align: justify;\">En representaci\u00f3 del nostre centre, han assistit a l&#8217;acte l\u2019alumne de 4t ESO i membre de l\u2019equip impulsor, Javi Bailly, el seu pare Fco. Javier Bailly i la coordinadora d\u2019EV Merc\u00e8 Carta\u00f1\u00e0. Per celebrar-ho, l\u2019equip impulsor d\u2019alumnes i professors, hem muntat una minifesta el dilluns 5 de desembre a l\u2019hora del pati de 10 a 10:30! Hi esteu tots convidats!<\/p>\n<p style=\"text-align: right;\"><strong>Merc\u00e8 Carta\u00f1\u00e0<\/strong><\/p>\n<p><a href=\"https:\/\/agora.xtec.cat\/iesmontbui\/portada\/ja-som-escola-verda\/attachment\/image-3\/\" rel=\"attachment wp-att-7895\"><img loading=\"lazy\" decoding=\"async\" class=\"alignnone size-full wp-image-7895\" src=\"https:\/\/agora.xtec.cat\/iesmontbui\/wp-content\/uploads\/usu145\/2022\/12\/image.png\" alt=\"\" width=\"440\" height=\"620\" srcset=\"https:\/\/agora.xtec.cat\/iesmontbui\/wp-content\/uploads\/usu145\/2022\/12\/image.png 440w, https:\/\/agora.xtec.cat\/iesmontbui\/wp-content\/uploads\/usu145\/2022\/12\/image-213x300.png 213w\" sizes=\"auto, (max-width: 440px) 100vw, 440px\" \/><\/a><\/p>\n","protected":false},"excerpt":{"rendered":"<p>El 26 de novembre ha tingut lloc la XIX Trobada d\u2019Escoles Verdes al Museu de la Ci\u00e8ncia, Cosmocaixa Barcelona, on la Consellera d\u2019Acci\u00f3 Clim\u00e0tica, Alimentaci\u00f3 i Agenda Rural, la Sra. Teresa Jord\u00e0 i Roura i el Conseller d\u2019Educaci\u00f3, el Sr. Josep Gonz\u00e1lez Cambray, han lliurat&hellip;  <a href=\"https:\/\/agora.xtec.cat\/iesmontbui\/portada\/ja-som-escola-verda\/\" title=\"Read Ja som Escola Verda!\">Llegeix m\u00e9s\u00bb<\/a><\/p>\n","protected":false},"author":66,"featured_media":7893,"comment_status":"closed","ping_status":"closed","sticky":false,"template":"","format":"standard","meta":{"_bbp_topic_count":0,"_bbp_reply_count":0,"_bbp_total_topic_count":0,"_bbp_total_reply_count":0,"_bbp_voice_count":0,"_bbp_anonymous_reply_count":0,"_bbp_topic_count_hidden":0,"_bbp_reply_count_hidden":0,"_bbp_forum_subforum_count":0,"footnotes":""},"categories":[120,350,29],"tags":[],"class_list":["post-7892","post","type-post","status-publish","format-standard","has-post-thumbnail","hentry","category-depciencies","category-escola-verda","category-portada"],"post_mailing_queue_ids":[],"_links":{"self":[{"href":"https:\/\/agora.xtec.cat\/iesmontbui\/wp-json\/wp\/v2\/posts\/7892","targetHints":{"allow":["GET"]}}],"collection":[{"href":"https:\/\/agora.xtec.cat\/iesmontbui\/wp-json\/wp\/v2\/posts"}],"about":[{"href":"https:\/\/agora.xtec.cat\/iesmontbui\/wp-json\/wp\/v2\/types\/post"}],"author":[{"embeddable":true,"href":"https:\/\/agora.xtec.cat\/iesmontbui\/wp-json\/wp\/v2\/users\/66"}],"replies":[{"embeddable":true,"href":"https:\/\/agora.xtec.cat\/iesmontbui\/wp-json\/wp\/v2\/comments?post=7892"}],"version-history":[{"count":2,"href":"https:\/\/agora.xtec.cat\/iesmontbui\/wp-json\/wp\/v2\/posts\/7892\/revisions"}],"predecessor-version":[{"id":7897,"href":"https:\/\/agora.xtec.cat\/iesmontbui\/wp-json\/wp\/v2\/posts\/7892\/revisions\/7897"}],"wp:featuredmedia":[{"embeddable":true,"href":"https:\/\/agora.xtec.cat\/iesmontbui\/wp-json\/wp\/v2\/media\/7893"}],"wp:attachment":[{"href":"https:\/\/agora.xtec.cat\/iesmontbui\/wp-json\/wp\/v2\/media?parent=7892"}],"wp:term":[{"taxonomy":"category","embeddable":true,"href":"https:\/\/agora.xtec.cat\/iesmontbui\/wp-json\/wp\/v2\/categories?post=7892"},{"taxonomy":"post_tag","embeddable":true,"href":"https:\/\/agora.xtec.cat\/iesmontbui\/wp-json\/wp\/v2\/tags?post=7892"}],"curies":[{"name":"wp","href":"https:\/\/api.w.org\/{rel}","templated":true}]}}