{"id":7845,"date":"2022-11-28T19:50:09","date_gmt":"2022-11-28T18:50:09","guid":{"rendered":"https:\/\/agora.xtec.cat\/iesmontbui\/?p=7845"},"modified":"2022-11-28T19:50:09","modified_gmt":"2022-11-28T18:50:09","slug":"sortida-la-casa-de-bernarda-alba-4t-deso","status":"publish","type":"post","link":"https:\/\/agora.xtec.cat\/iesmontbui\/eso\/sortida-la-casa-de-bernarda-alba-4t-deso\/","title":{"rendered":"Sortida La casa de Bernarda Alba (4t d&#8217;ESO)"},"content":{"rendered":"<p>Benvolgudes fam\u00edlies,<\/p>\n<p>ens plau indicar-vos el programa de la visita de 4t d\u2019ESO a la Sala Ars de Barcelona el pr\u00f2xim dia <strong>12<\/strong><strong> de gener <\/strong>per veure l&#8217;obra <em>La casa de Bernarda Alba<\/em>, d&#8217;en Garcia Lorca.<\/p>\n<p style=\"text-align: justify;\">Se sortir\u00e0 el mateix dia\u00a0<strong>12 <\/strong>a les\u00a0<strong>08:00 h<\/strong>. de davant de l&#8217;institut i es preveu tornar aproximadament a les <strong>14<\/strong><strong>:30 h<\/strong>.<\/p>\n<p>La sortida t\u00e9 un preu de <strong>16<\/strong>\u00a0<strong>euros<\/strong>, i el concepte de pagament \u00e9s\u00a0<strong>\u201cTeatre Barcelona &#8211; Bernarda Alba<\/strong><strong>\u201d<\/strong>.<\/p>\n<p>La data m\u00e0xima per fer el pagament \u00e9s el <strong>19 de desembre<\/strong><b>.<\/b><\/p>\n<p>Programa de l\u2019activitat:<\/p>\n<ul>\n<li>Sortida a Barcelona<\/li>\n<li>Obra teatral La casa de Bernarda Alba de Federico Garc\u00eda Lorca<\/li>\n<li>Visita del barri de Gr\u00e0cia<\/li>\n<li>Tornada a l\u2019institut<\/li>\n<\/ul>\n<p>Trobareu m\u00e9s informaci\u00f3 als fulls de pagament de la sortida:<\/p>\n<p><a href=\"https:\/\/agora.xtec.cat\/iesmontbui\/eso\/sortida-la-casa-de-bernarda-alba-4t-deso\/attachment\/sortida-bernarda-alba-2\/\" rel=\"attachment wp-att-7847\">Sortida Bernarda Alba<\/a><\/p>\n<p><b>Com fer el pagament on-line?\u00a0<\/b><\/p>\n<ol>\n<li>Accediu a la p\u00e0gina web de l\u2019Institut Montbui:\u00a0<a href=\"https:\/\/agora.xtec.cat\/iesmontbui\/\">https:\/\/agora.xtec.cat\/iesmontbui\/<\/a><\/li>\n<li>Feu clic a la icona \u201cpagament online\u201d:<\/li>\n<li>Aneu al desplegable \u201cSelecciona l\u2019activitat\u201d i trieu activitat corresponent.<\/li>\n<li>Si cal, indiquem la quantitat a abonar. Si ja hi figura, no s\u2019ha de fer aquest pas.<\/li>\n<li>Escrivim el nom i cognoms de l\u2019alumne\/a.<\/li>\n<li>Seleccioneu el curs, grup i nivell educatiu. Si no sabeu alguna dada, seleccioneu l\u2019interrogant, ja que \u00e9s obligatori triar una opci\u00f3.<\/li>\n<li>Afegiu un correu electr\u00f2nic on rebreu el comprovant del pagament. Aquest comprovant \u00e9s per la fam\u00edlia i NO caldr\u00e0 entregar-lo ni enviar-lo.<\/li>\n<li>Clicar a \u201cFer el pagament\u201d.<\/li>\n<li>Emplenar les dades (n\u00fam. de targeta, caducitat, codi de seguretat) a la plataforma banc\u00e0ria.<\/li>\n<li>Rebem la confirmaci\u00f3 de pagament del banc.<\/li>\n<\/ol>\n","protected":false},"excerpt":{"rendered":"<p>Benvolgudes fam\u00edlies,<br \/>\nens plau indicar-vos el programa de la visita de 4t d\u2019ESO a la Sala Ars de Barcelona el pr\u00f2xim dia 12 de gener per veure l&#8217;obra La casa de Bernarda Alba, d&#8217;en Garcia Lorca.<br \/>\nSe sortir\u00e0 el mateix dia\u00a012 a les\u00a008:00 h. de davant de&hellip;  <a href=\"https:\/\/agora.xtec.cat\/iesmontbui\/eso\/sortida-la-casa-de-bernarda-alba-4t-deso\/\" title=\"Read Sortida La casa de Bernarda Alba (4t d&#8217;ESO)\">Llegeix m\u00e9s\u00bb<\/a><\/p>\n","protected":false},"author":66,"featured_media":7848,"comment_status":"closed","ping_status":"closed","sticky":false,"template":"","format":"standard","meta":{"_bbp_topic_count":0,"_bbp_reply_count":0,"_bbp_total_topic_count":0,"_bbp_total_reply_count":0,"_bbp_voice_count":0,"_bbp_anonymous_reply_count":0,"_bbp_topic_count_hidden":0,"_bbp_reply_count_hidden":0,"_bbp_forum_subforum_count":0,"footnotes":""},"categories":[98,115,125,3,7,24,25,26,66,354],"tags":[],"class_list":["post-7845","post","type-post","status-publish","format-standard","has-post-thumbnail","hentry","category-comunicats","category-comunicats4","category-depllengues","category-eso","category-eso-4","category-eso-4a","category-eso-4b","category-eso-4c","category-eso_4d","category-eso-4e"],"post_mailing_queue_ids":[],"_links":{"self":[{"href":"https:\/\/agora.xtec.cat\/iesmontbui\/wp-json\/wp\/v2\/posts\/7845","targetHints":{"allow":["GET"]}}],"collection":[{"href":"https:\/\/agora.xtec.cat\/iesmontbui\/wp-json\/wp\/v2\/posts"}],"about":[{"href":"https:\/\/agora.xtec.cat\/iesmontbui\/wp-json\/wp\/v2\/types\/post"}],"author":[{"embeddable":true,"href":"https:\/\/agora.xtec.cat\/iesmontbui\/wp-json\/wp\/v2\/users\/66"}],"replies":[{"embeddable":true,"href":"https:\/\/agora.xtec.cat\/iesmontbui\/wp-json\/wp\/v2\/comments?post=7845"}],"version-history":[{"count":2,"href":"https:\/\/agora.xtec.cat\/iesmontbui\/wp-json\/wp\/v2\/posts\/7845\/revisions"}],"predecessor-version":[{"id":7850,"href":"https:\/\/agora.xtec.cat\/iesmontbui\/wp-json\/wp\/v2\/posts\/7845\/revisions\/7850"}],"wp:featuredmedia":[{"embeddable":true,"href":"https:\/\/agora.xtec.cat\/iesmontbui\/wp-json\/wp\/v2\/media\/7848"}],"wp:attachment":[{"href":"https:\/\/agora.xtec.cat\/iesmontbui\/wp-json\/wp\/v2\/media?parent=7845"}],"wp:term":[{"taxonomy":"category","embeddable":true,"href":"https:\/\/agora.xtec.cat\/iesmontbui\/wp-json\/wp\/v2\/categories?post=7845"},{"taxonomy":"post_tag","embeddable":true,"href":"https:\/\/agora.xtec.cat\/iesmontbui\/wp-json\/wp\/v2\/tags?post=7845"}],"curies":[{"name":"wp","href":"https:\/\/api.w.org\/{rel}","templated":true}]}}