{"id":7837,"date":"2022-11-24T14:40:55","date_gmt":"2022-11-24T13:40:55","guid":{"rendered":"https:\/\/agora.xtec.cat\/iesmontbui\/?p=7837"},"modified":"2022-11-24T14:40:55","modified_gmt":"2022-11-24T13:40:55","slug":"relatos-de-terror-ll-castellana-3r-eso","status":"publish","type":"post","link":"https:\/\/agora.xtec.cat\/iesmontbui\/general\/relatos-de-terror-ll-castellana-3r-eso\/","title":{"rendered":"Relatos de terror (Ll. Castellana 3r ESO)"},"content":{"rendered":"<p style=\"text-align: justify;\">Durante la semana de Halloween, el alumnado de 3\u00ba de ESO ha estado trabajando el texto narrativo. Para ello, en grupos han creado unos relatos de terror cortos, cuya narraci\u00f3n tambi\u00e9n se han encargado de grabar, y adem\u00e1s han creado unos carteles con un c\u00f3digo QR para que todo el mundo pueda conocer y disfrutar sus creaciones.<\/p>\n<p style=\"text-align: justify;\">Si quer\u00e9is escuchar estos terror\u00edficos relatos, pod\u00e9is hacer clic en los enlaces que os dejamos a continuaci\u00f3n.<\/p>\n<p><a href=\"https:\/\/clipchamp.com\/watch\/lC2fz15NUX7\">La casa<\/a><\/p>\n<p><a href=\"https:\/\/www.wevideo.com\/view\/2839128032\">El callej\u00f3n del muerto<\/a><\/p>\n<p><a href=\"https:\/\/qrco.de\/bdRXVR\">La niebla: el extra\u00f1o caso del joven Mike<\/a><\/p>\n<p><a href=\"https:\/\/drive.google.com\/file\/d\/1bXxzUlI-gtYgSmYK6lMYvoWpHowU-iMA\/view?usp=drivesdk\">Martes 13<\/a><\/p>\n<p><a href=\"https:\/\/clipchamp.com\/watch\/uEYk7gRHpSG\">Ven a jugar conmigo<\/a><\/p>\n<p style=\"text-align: right;\"><strong>Marisa Perella<\/strong><\/p>\n\n\t\t<style type=\"text\/css\">\n\t\t\t#gallery-1 {\n\t\t\t\tmargin: auto;\n\t\t\t}\n\t\t\t#gallery-1 .gallery-item {\n\t\t\t\tfloat: left;\n\t\t\t\tmargin-top: 10px;\n\t\t\t\ttext-align: center;\n\t\t\t\twidth: 20%;\n\t\t\t}\n\t\t\t#gallery-1 img {\n\t\t\t\tborder: 2px solid #cfcfcf;\n\t\t\t}\n\t\t\t#gallery-1 .gallery-caption {\n\t\t\t\tmargin-left: 0;\n\t\t\t}\n\t\t\t\/* see gallery_shortcode() in wp-includes\/media.php *\/\n\t\t<\/style>\n\t\t<div id='gallery-1' class='gallery galleryid-7837 gallery-columns-5 gallery-size-medium'><dl class='gallery-item'>\n\t\t\t<dt class='gallery-icon portrait'>\n\t\t\t\t<a href='https:\/\/agora.xtec.cat\/iesmontbui\/wp-content\/uploads\/usu145\/2022\/11\/el-callejon-del-muerto.jpeg'><img loading=\"lazy\" decoding=\"async\" width=\"213\" height=\"300\" src=\"https:\/\/agora.xtec.cat\/iesmontbui\/wp-content\/uploads\/usu145\/2022\/11\/el-callejon-del-muerto-213x300.jpeg\" class=\"attachment-medium size-medium\" alt=\"\" srcset=\"https:\/\/agora.xtec.cat\/iesmontbui\/wp-content\/uploads\/usu145\/2022\/11\/el-callejon-del-muerto-213x300.jpeg 213w, https:\/\/agora.xtec.cat\/iesmontbui\/wp-content\/uploads\/usu145\/2022\/11\/el-callejon-del-muerto.jpeg 726w\" sizes=\"auto, (max-width: 213px) 100vw, 213px\" \/><\/a>\n\t\t\t<\/dt><\/dl><dl class='gallery-item'>\n\t\t\t<dt class='gallery-icon portrait'>\n\t\t\t\t<a href='https:\/\/agora.xtec.cat\/iesmontbui\/wp-content\/uploads\/usu145\/2022\/11\/martes-13.png'><img loading=\"lazy\" decoding=\"async\" width=\"212\" height=\"300\" src=\"https:\/\/agora.xtec.cat\/iesmontbui\/wp-content\/uploads\/usu145\/2022\/11\/martes-13-212x300.png\" class=\"attachment-medium size-medium\" alt=\"\" srcset=\"https:\/\/agora.xtec.cat\/iesmontbui\/wp-content\/uploads\/usu145\/2022\/11\/martes-13-212x300.png 212w, https:\/\/agora.xtec.cat\/iesmontbui\/wp-content\/uploads\/usu145\/2022\/11\/martes-13.png 724w\" sizes=\"auto, (max-width: 212px) 100vw, 212px\" \/><\/a>\n\t\t\t<\/dt><\/dl><dl class='gallery-item'>\n\t\t\t<dt class='gallery-icon portrait'>\n\t\t\t\t<a href='https:\/\/agora.xtec.cat\/iesmontbui\/wp-content\/uploads\/usu145\/2022\/11\/el-extrano-caso-del-jove-Mike.png'><img loading=\"lazy\" decoding=\"async\" width=\"212\" height=\"300\" src=\"https:\/\/agora.xtec.cat\/iesmontbui\/wp-content\/uploads\/usu145\/2022\/11\/el-extrano-caso-del-jove-Mike-212x300.png\" class=\"attachment-medium size-medium\" alt=\"\" srcset=\"https:\/\/agora.xtec.cat\/iesmontbui\/wp-content\/uploads\/usu145\/2022\/11\/el-extrano-caso-del-jove-Mike-212x300.png 212w, https:\/\/agora.xtec.cat\/iesmontbui\/wp-content\/uploads\/usu145\/2022\/11\/el-extrano-caso-del-jove-Mike.png 724w\" sizes=\"auto, (max-width: 212px) 100vw, 212px\" \/><\/a>\n\t\t\t<\/dt><\/dl><dl class='gallery-item'>\n\t\t\t<dt class='gallery-icon portrait'>\n\t\t\t\t<a href='https:\/\/agora.xtec.cat\/iesmontbui\/wp-content\/uploads\/usu145\/2022\/11\/Ven-a-jugar-conmigo.jpg'><img loading=\"lazy\" decoding=\"async\" width=\"211\" height=\"300\" src=\"https:\/\/agora.xtec.cat\/iesmontbui\/wp-content\/uploads\/usu145\/2022\/11\/Ven-a-jugar-conmigo-211x300.jpg\" class=\"attachment-medium size-medium\" alt=\"\" srcset=\"https:\/\/agora.xtec.cat\/iesmontbui\/wp-content\/uploads\/usu145\/2022\/11\/Ven-a-jugar-conmigo-211x300.jpg 211w, https:\/\/agora.xtec.cat\/iesmontbui\/wp-content\/uploads\/usu145\/2022\/11\/Ven-a-jugar-conmigo.jpg 394w\" sizes=\"auto, (max-width: 211px) 100vw, 211px\" \/><\/a>\n\t\t\t<\/dt><\/dl><dl class='gallery-item'>\n\t\t\t<dt class='gallery-icon portrait'>\n\t\t\t\t<a href='https:\/\/agora.xtec.cat\/iesmontbui\/wp-content\/uploads\/usu145\/2022\/11\/LA-CASA.jpg'><img loading=\"lazy\" decoding=\"async\" width=\"212\" height=\"300\" src=\"https:\/\/agora.xtec.cat\/iesmontbui\/wp-content\/uploads\/usu145\/2022\/11\/LA-CASA-212x300.jpg\" class=\"attachment-medium size-medium\" alt=\"\" srcset=\"https:\/\/agora.xtec.cat\/iesmontbui\/wp-content\/uploads\/usu145\/2022\/11\/LA-CASA-212x300.jpg 212w, https:\/\/agora.xtec.cat\/iesmontbui\/wp-content\/uploads\/usu145\/2022\/11\/LA-CASA-724x1024.jpg 724w, https:\/\/agora.xtec.cat\/iesmontbui\/wp-content\/uploads\/usu145\/2022\/11\/LA-CASA-768x1086.jpg 768w, https:\/\/agora.xtec.cat\/iesmontbui\/wp-content\/uploads\/usu145\/2022\/11\/LA-CASA-1086x1536.jpg 1086w, https:\/\/agora.xtec.cat\/iesmontbui\/wp-content\/uploads\/usu145\/2022\/11\/LA-CASA-1448x2048.jpg 1448w, https:\/\/agora.xtec.cat\/iesmontbui\/wp-content\/uploads\/usu145\/2022\/11\/LA-CASA.jpg 1587w\" sizes=\"auto, (max-width: 212px) 100vw, 212px\" \/><\/a>\n\t\t\t<\/dt><\/dl><br style=\"clear: both\" \/>\n\t\t<\/div>\n\n","protected":false},"excerpt":{"rendered":"<p>Durante la semana de Halloween, el alumnado de 3\u00ba de ESO ha estado trabajando el texto narrativo. Para ello, en grupos han creado unos relatos de terror cortos, cuya narraci\u00f3n tambi\u00e9n se han encargado de grabar, y adem\u00e1s han creado unos carteles con un c\u00f3digo&hellip;  <a href=\"https:\/\/agora.xtec.cat\/iesmontbui\/general\/relatos-de-terror-ll-castellana-3r-eso\/\" title=\"Read Relatos de terror (Ll. Castellana 3r ESO)\">Llegeix m\u00e9s\u00bb<\/a><\/p>\n","protected":false},"author":66,"featured_media":7838,"comment_status":"open","ping_status":"closed","sticky":false,"template":"","format":"standard","meta":{"_bbp_topic_count":0,"_bbp_reply_count":0,"_bbp_total_topic_count":0,"_bbp_total_reply_count":0,"_bbp_voice_count":0,"_bbp_anonymous_reply_count":0,"_bbp_topic_count_hidden":0,"_bbp_reply_count_hidden":0,"_bbp_forum_subforum_count":0,"footnotes":""},"categories":[125,3,6,19,20,21,340,351,1,29],"tags":[],"class_list":["post-7837","post","type-post","status-publish","format-standard","has-post-thumbnail","hentry","category-depllengues","category-eso","category-eso-3","category-eso-3a","category-eso-3b","category-eso-3c","category-eso-3d","category-eso-3e","category-general","category-portada"],"post_mailing_queue_ids":[],"_links":{"self":[{"href":"https:\/\/agora.xtec.cat\/iesmontbui\/wp-json\/wp\/v2\/posts\/7837","targetHints":{"allow":["GET"]}}],"collection":[{"href":"https:\/\/agora.xtec.cat\/iesmontbui\/wp-json\/wp\/v2\/posts"}],"about":[{"href":"https:\/\/agora.xtec.cat\/iesmontbui\/wp-json\/wp\/v2\/types\/post"}],"author":[{"embeddable":true,"href":"https:\/\/agora.xtec.cat\/iesmontbui\/wp-json\/wp\/v2\/users\/66"}],"replies":[{"embeddable":true,"href":"https:\/\/agora.xtec.cat\/iesmontbui\/wp-json\/wp\/v2\/comments?post=7837"}],"version-history":[{"count":2,"href":"https:\/\/agora.xtec.cat\/iesmontbui\/wp-json\/wp\/v2\/posts\/7837\/revisions"}],"predecessor-version":[{"id":7844,"href":"https:\/\/agora.xtec.cat\/iesmontbui\/wp-json\/wp\/v2\/posts\/7837\/revisions\/7844"}],"wp:featuredmedia":[{"embeddable":true,"href":"https:\/\/agora.xtec.cat\/iesmontbui\/wp-json\/wp\/v2\/media\/7838"}],"wp:attachment":[{"href":"https:\/\/agora.xtec.cat\/iesmontbui\/wp-json\/wp\/v2\/media?parent=7837"}],"wp:term":[{"taxonomy":"category","embeddable":true,"href":"https:\/\/agora.xtec.cat\/iesmontbui\/wp-json\/wp\/v2\/categories?post=7837"},{"taxonomy":"post_tag","embeddable":true,"href":"https:\/\/agora.xtec.cat\/iesmontbui\/wp-json\/wp\/v2\/tags?post=7837"}],"curies":[{"name":"wp","href":"https:\/\/api.w.org\/{rel}","templated":true}]}}