{"id":7661,"date":"2022-09-26T15:17:37","date_gmt":"2022-09-26T13:17:37","guid":{"rendered":"https:\/\/agora.xtec.cat\/iesmontbui\/?p=7661"},"modified":"2022-10-06T22:57:29","modified_gmt":"2022-10-06T20:57:29","slug":"oferta-dextraescolars-curs-2022-23","status":"publish","type":"post","link":"https:\/\/agora.xtec.cat\/iesmontbui\/portada\/oferta-dextraescolars-curs-2022-23\/","title":{"rendered":"Oferta d&#8217;extraescolars curs 2022-23"},"content":{"rendered":"<p style=\"text-align: justify;\">Benvolgudes fam\u00edlies,<\/p>\n<p style=\"text-align: justify;\">us informem de les diferents activitats extraescolars que tindran lloc al centre durant aquest curs 2022-23.<\/p>\n<p style=\"text-align: justify;\">En primer lloc, des de l&#8217;Associaci\u00f3 Esportiva Escolar han programat les seg\u00fcents activitats:<\/p>\n<table style=\"border-collapse: collapse; width: 100%;\">\n<tbody>\n<tr>\n<td style=\"width: 20%;\">ACTIVITAT<\/td>\n<td style=\"width: 20%;\">QUOTA ANUAL<\/td>\n<td style=\"width: 20%;\">DIA<\/td>\n<td style=\"width: 20%;\">HORARI<\/td>\n<\/tr>\n<tr>\n<td style=\"width: 20%;\">Futbol sala<\/td>\n<td style=\"width: 20%;\">110 \u20ac*<\/td>\n<td style=\"width: 20%;\">Dilluns i dimecres**<\/td>\n<td style=\"width: 20%;\">15:45 a 16:45<\/td>\n<\/tr>\n<tr>\n<td style=\"width: 20%;\">Tennis taula<\/td>\n<td style=\"width: 20%;\">30 \u20ac<\/td>\n<td style=\"width: 20%;\">Dimecres<\/td>\n<td style=\"width: 20%;\">16:00 a 17:00<\/td>\n<\/tr>\n<tr>\n<td style=\"width: 20%;\">Voleibol<\/td>\n<td style=\"width: 20%;\">40 \u20ac<\/td>\n<td style=\"width: 20%;\">Dimarts<\/td>\n<td style=\"width: 20%;\">15:30 a 17:00<\/td>\n<\/tr>\n<\/tbody>\n<\/table>\n<p style=\"text-align: justify;\">*El pagament es podr\u00e0 fer en dos terminis: un primer de 75 \u20ac al setembre i un segon pagament de 35 \u20ac al febrer.<\/p>\n<p style=\"text-align: justify;\">**Els equips de futbol sala participaran en la Lliga escolar del Consell Esportiu de l&#8217;Anoia. Els partits seran els dissabtes al mat\u00ed (hora a determinar). El preu de l&#8217;activitat inclou l&#8217;equipaci\u00f3 (pantalons i samarreta) i la llic\u00e8ncia.<\/p>\n<p style=\"text-align: justify;\"><strong>Si esteu interessats<\/strong> que el vostre fill\/a participi en alguna de les activitats extraescolars de l&#8217;AEE, podeu descarregar-vos el full d&#8217;inscripci\u00f3 <a href=\"https:\/\/agora.xtec.cat\/iesmontbui\/wp-content\/uploads\/usu145\/2022\/09\/AEE-Activitats-22-23.pdf\">en aquest enlla\u00e7<\/a>.<\/p>\n<p style=\"text-align: justify;\">A continuaci\u00f3, tamb\u00e9 us informem de les Extraescolar(t)s d&#8217;enguany:<\/p>\n<table style=\"border-collapse: collapse; width: 100%;\">\n<tbody>\n<tr>\n<td style=\"width: 25%;\">ACTIVITAT<\/td>\n<td style=\"width: 25%;\">QUOTA ANUAL<\/td>\n<td style=\"width: 25%;\">DIA<\/td>\n<td style=\"width: 25%;\">HORARI<\/td>\n<\/tr>\n<tr>\n<td style=\"width: 25%;\">Estudi assistit (ESO)<\/td>\n<td style=\"width: 25%;\">25 \u20ac<\/td>\n<td style=\"width: 25%;\">Dimarts i dijous<\/td>\n<td style=\"width: 25%;\">16:00 a 17:00<\/td>\n<\/tr>\n<tr>\n<td style=\"width: 25%;\">Estudi assistit (Batxillerat)<\/td>\n<td style=\"width: 25%;\">25 \u20ac<\/td>\n<td style=\"width: 25%;\">Dilluns i dimecres<\/td>\n<td style=\"width: 25%;\">16:00 a 17:00<\/td>\n<\/tr>\n<tr>\n<td style=\"width: 25%;\">Llengua \u00e0rab i Cultura marroquina<\/td>\n<td style=\"width: 25%;\">Gratu\u00eft<\/td>\n<td style=\"width: 25%;\">Dimecres<\/td>\n<td style=\"width: 25%;\">15:30 a 17:30<\/td>\n<\/tr>\n<tr>\n<td style=\"width: 25%;\">Teatre<\/td>\n<td style=\"width: 25%;\">25 \u20ac<\/td>\n<td style=\"width: 25%;\">Dimecres<\/td>\n<td style=\"width: 25%;\">17:30 a 19:00<\/td>\n<\/tr>\n<tr>\n<td style=\"width: 25%;\">Guitarra<\/td>\n<td style=\"width: 25%;\">25 \u20ac<\/td>\n<td style=\"width: 25%;\">Dilluns<\/td>\n<td style=\"width: 25%;\">16:00 a 17:00<\/td>\n<\/tr>\n<tr>\n<td style=\"width: 25%;\">Saxo i xalum\u00f3<\/td>\n<td style=\"width: 25%;\">25 \u20ac<\/td>\n<td style=\"width: 25%;\">Dimecres<\/td>\n<td style=\"width: 25%;\">16:00 a 17:00<\/td>\n<\/tr>\n<tr>\n<td style=\"width: 25%;\">Gralla<\/td>\n<td style=\"width: 25%;\">25 \u20ac<\/td>\n<td style=\"width: 25%;\">Dimecres<\/td>\n<td style=\"width: 25%;\">16:00 a 17:00<\/td>\n<\/tr>\n<tr>\n<td style=\"width: 25%;\">Tabals<\/td>\n<td style=\"width: 25%;\">25 \u20ac<\/td>\n<td style=\"width: 25%;\">Dimecres<\/td>\n<td style=\"width: 25%;\">16:00 a 17:00<\/td>\n<\/tr>\n<tr>\n<td style=\"width: 25%;\">Viol\u00ed<\/td>\n<td style=\"width: 25%;\">25 \u20ac<\/td>\n<td style=\"width: 25%;\">Dijous<\/td>\n<td style=\"width: 25%;\">16:00 a 17:00<\/td>\n<\/tr>\n<\/tbody>\n<\/table>\n<p style=\"text-align: justify;\"><strong>Si esteu interessats<\/strong> que el vostre fill\/a participi en alguna de les Extraescolar(t)s del centre, podeu trobar m\u00e9s informaci\u00f3 sobre les activitats i com fer la inscripci\u00f3 <a href=\"https:\/\/agora.xtec.cat\/iesmontbui\/wp-content\/uploads\/usu145\/2022\/09\/Diptic-Extraescolars-2223.pdf\">en aquest enlla\u00e7<\/a>.<\/p>\n<p style=\"text-align: right;\"><strong>Comunicaci\u00f3<\/strong><\/p>\n","protected":false},"excerpt":{"rendered":"<p>Benvolgudes fam\u00edlies,<br \/>\nus informem de les diferents activitats extraescolars que tindran lloc al centre durant aquest curs 2022-23.<br \/>\nEn primer lloc, des de l&#8217;Associaci\u00f3 Esportiva Escolar han programat les seg\u00fcents activitats:<\/p>\n<p>ACTIVITAT<br \/>\nQUOTA ANUAL<br \/>\nDIA<br \/>\nHORARI<\/p>\n<p>Futbol sala<br \/>\n110 \u20ac*<br \/>\nDilluns i dimecres**<br \/>\n15:45 a 16:45<\/p>\n<p>Tennis taula<br \/>\n30 \u20ac<br \/>\nDimecres<br \/>\n16:00 a 17:00<\/p>\n<p>Voleibol<br \/>\n40 \u20ac<br \/>\nDimarts<br \/>\n15:30 a 17:00<\/p>\n<p>*El pagament es&hellip;  <a href=\"https:\/\/agora.xtec.cat\/iesmontbui\/portada\/oferta-dextraescolars-curs-2022-23\/\" title=\"Read Oferta d&#8217;extraescolars curs 2022-23\">Llegeix m\u00e9s\u00bb<\/a><\/p>\n","protected":false},"author":66,"featured_media":7665,"comment_status":"open","ping_status":"closed","sticky":false,"template":"","format":"standard","meta":{"_bbp_topic_count":0,"_bbp_reply_count":0,"_bbp_total_topic_count":0,"_bbp_total_reply_count":0,"_bbp_voice_count":0,"_bbp_anonymous_reply_count":0,"_bbp_topic_count_hidden":0,"_bbp_reply_count_hidden":0,"_bbp_forum_subforum_count":0,"footnotes":""},"categories":[98,116,112,117,113,114,115,118,29],"tags":[],"class_list":["post-7661","post","type-post","status-publish","format-standard","has-post-thumbnail","hentry","category-comunicats","category-comunicats1btx","category-comunicats1","category-comunicats2btx","category-comunicats2","category-comunicats3","category-comunicats4","category-comunicatspfi","category-portada"],"post_mailing_queue_ids":[],"_links":{"self":[{"href":"https:\/\/agora.xtec.cat\/iesmontbui\/wp-json\/wp\/v2\/posts\/7661","targetHints":{"allow":["GET"]}}],"collection":[{"href":"https:\/\/agora.xtec.cat\/iesmontbui\/wp-json\/wp\/v2\/posts"}],"about":[{"href":"https:\/\/agora.xtec.cat\/iesmontbui\/wp-json\/wp\/v2\/types\/post"}],"author":[{"embeddable":true,"href":"https:\/\/agora.xtec.cat\/iesmontbui\/wp-json\/wp\/v2\/users\/66"}],"replies":[{"embeddable":true,"href":"https:\/\/agora.xtec.cat\/iesmontbui\/wp-json\/wp\/v2\/comments?post=7661"}],"version-history":[{"count":3,"href":"https:\/\/agora.xtec.cat\/iesmontbui\/wp-json\/wp\/v2\/posts\/7661\/revisions"}],"predecessor-version":[{"id":7707,"href":"https:\/\/agora.xtec.cat\/iesmontbui\/wp-json\/wp\/v2\/posts\/7661\/revisions\/7707"}],"wp:featuredmedia":[{"embeddable":true,"href":"https:\/\/agora.xtec.cat\/iesmontbui\/wp-json\/wp\/v2\/media\/7665"}],"wp:attachment":[{"href":"https:\/\/agora.xtec.cat\/iesmontbui\/wp-json\/wp\/v2\/media?parent=7661"}],"wp:term":[{"taxonomy":"category","embeddable":true,"href":"https:\/\/agora.xtec.cat\/iesmontbui\/wp-json\/wp\/v2\/categories?post=7661"},{"taxonomy":"post_tag","embeddable":true,"href":"https:\/\/agora.xtec.cat\/iesmontbui\/wp-json\/wp\/v2\/tags?post=7661"}],"curies":[{"name":"wp","href":"https:\/\/api.w.org\/{rel}","templated":true}]}}