{"id":7534,"date":"2022-07-20T10:22:18","date_gmt":"2022-07-20T08:22:18","guid":{"rendered":"https:\/\/agora.xtec.cat\/iesmontbui\/?p=7534"},"modified":"2022-09-01T11:19:12","modified_gmt":"2022-09-01T09:19:12","slug":"llibres-1r-de-batxillerat","status":"publish","type":"post","link":"https:\/\/agora.xtec.cat\/iesmontbui\/general\/llibres-1r-de-batxillerat\/","title":{"rendered":"Llibres 1r de batxillerat"},"content":{"rendered":"<p><span style=\"font-weight: 400;\">Benvolgudes fam\u00edlies i benvolgut alumnat de 1r de Batxillerat,\u00a0<\/span><\/p>\n<p><span style=\"font-weight: 400;\">Tal com us vam avan\u00e7ar, us fem arribar en aquest correu <\/span><span style=\"font-weight: 400;\">el <\/span><a href=\"https:\/\/drive.google.com\/file\/d\/1X72CnDh591_H7BvoowpD42OTYHvxa_uC\/view?usp=sharing\"><b>codi de descompte<\/b><\/a><span style=\"font-weight: 400;\"> de l\u2019editorial <\/span><b>Vicens Vives<\/b><span style=\"font-weight: 400;\"> per adquirir els llibres de les mat\u00e8ries de Catal\u00e0 i Filosofia.<\/span><b> El codi de descompte \u00e9s tot el que surt encerclat<\/b><span style=\"font-weight: 400;\">. Tamb\u00e9 hi trobareu els <\/span><b>ISBN<\/b><span style=\"font-weight: 400;\"> dels dos llibres i un<\/span> <a href=\"https:\/\/drive.google.com\/file\/d\/1X72CnDh591_H7BvoowpD42OTYHvxa_uC\/view?usp=sharing\"><b>manual de compra<\/b><\/a><span style=\"font-weight: 400;\">. Podreu comprar els llibres des d\u2019avui mateix, 20 de juliol; per tant, no caldr\u00e0 esperar a finals d\u2019agost, com s\u2019havia dit inicialment.<\/span><\/p>\n<p><span style=\"font-weight: 400;\">D\u2019altra banda, us recordem que la <\/span><b>resta de llibres<\/b><span style=\"font-weight: 400;\"> es poden gestionar a trav\u00e9s d\u2019<\/span><b>Iddink<\/b><span style=\"font-weight: 400;\">, que ja us ha facilitat el codi d\u2019acc\u00e9s, i que avui \u00e9s el darrer dia per beneficiar-vos del descompte en les despeses de gesti\u00f3 dels llibres que ofereix aquesta empresa. Consulteu la<\/span> <a href=\"https:\/\/drive.google.com\/file\/d\/1m3qMiDOTfkWP70NcD6nbW6r83hFS7haH\/view?usp=sharing\"><b>llista adjunta<\/b><\/a><span style=\"font-weight: 400;\">(la teniu tamb\u00e9 a la web del centre)<\/span><span style=\"font-weight: 400;\">.<\/span><\/p>\n<p><span style=\"font-weight: 400;\">Els llibres que heu de tenir s\u00f3n:<\/span><\/p>\n<ul>\n<li style=\"font-weight: 400;\" aria-level=\"1\"><b>Tots<\/b><span style=\"font-weight: 400;\"> els de les <\/span><b>mat\u00e8ries comunes<\/b><span style=\"font-weight: 400;\">: Catal\u00e0, Castell\u00e0, Angl\u00e8s i Filosofia\u00a0<\/span><\/li>\n<li style=\"font-weight: 400;\" aria-level=\"1\"><span style=\"font-weight: 400;\">Dels llibres de <\/span><b>modalitat NOM\u00c9S <\/b><span style=\"font-weight: 400;\">els de la <\/span><b>vostra<\/b><span style=\"font-weight: 400;\">:<\/span><\/li>\n<\/ul>\n<ul>\n<li style=\"font-weight: 400;\" aria-level=\"1\"><span style=\"font-weight: 400;\">\u00a0Modalitat Social: Economia i Funcionament de l\u2019empresa<\/span><\/li>\n<li style=\"font-weight: 400;\" aria-level=\"1\"><span style=\"font-weight: 400;\">Modalitat Human\u00edstica: Literatura Universal, Llat\u00ed i Diccionari Vox\u00a0<\/span><\/li>\n<li style=\"font-weight: 400;\" aria-level=\"1\"><span style=\"font-weight: 400;\">Modalitat Cient\u00edfica: Biologia i Qu\u00edmica. A m\u00e9s, si heu escollit a la primera franja F\u00edsica, tamb\u00e9 necessiteu aquest llibre.<\/span><\/li>\n<li style=\"font-weight: 400;\" aria-level=\"1\"><span style=\"font-weight: 400;\">Modalitat Tecnol\u00f2gica: Tecnologia i Enginyeria. A m\u00e9s, si heu escollit a la primera franja F\u00edsica, tamb\u00e9 necessiteu aquest llibre<\/span><\/li>\n<li style=\"font-weight: 400;\" aria-level=\"1\"><span style=\"font-weight: 400;\">Finalment, heu de disposar de les <\/span><b>lectures<\/b><span style=\"font-weight: 400;\"> de Catal\u00e0 i de Castell\u00e0, b\u00e9 a trav\u00e9s d\u2019Iddink, b\u00e9 agafades en pr\u00e9stec d\u2019una biblioteca, etc.<\/span><\/li>\n<\/ul>\n<p><span style=\"font-weight: 400;\">Us desitgem un bon estiu.<\/span><\/p>\n<p><span style=\"font-weight: 400;\">Salutacions,\u00a0<\/span><\/p>\n<p><b>La direcci\u00f3<\/b><b>\u00a0 \u00a0 \u00a0 \u00a0 <\/b><span style=\"font-weight: 400;\">\u00a0\u00a0\u00a0\u00a0\u00a0\u00a0\u00a0\u00a0\u00a0\u00a0\u00a0\u00a0\u00a0\u00a0\u00a0\u00a0\u00a0\u00a0\u00a0\u00a0\u00a0\u00a0\u00a0\u00a0\u00a0\u00a0\u00a0\u00a0\u00a0\u00a0\u00a0\u00a0\u00a0\u00a0\u00a0\u00a0\u00a0\u00a0\u00a0\u00a0\u00a0\u00a0\u00a0\u00a0\u00a0\u00a0\u00a0\u00a0\u00a0\u00a0\u00a0\u00a0\u00a0\u00a0\u00a0\u00a0\u00a0\u00a0\u00a0\u00a0\u00a0\u00a0\u00a0\u00a0\u00a0\u00a0\u00a0\u00a0\u00a0\u00a0\u00a0\u00a0\u00a0\u00a0\u00a0\u00a0\u00a0\u00a0\u00a0\u00a0\u00a0\u00a0\u00a0\u00a0\u00a0\u00a0\u00a0\u00a0<\/span><\/p>\n<p>&nbsp;<\/p>\n","protected":false},"excerpt":{"rendered":"<p>Benvolgudes fam\u00edlies i benvolgut alumnat de 1r de Batxillerat,\u00a0<br \/>\nTal com us vam avan\u00e7ar, us fem arribar en aquest correu el <a href=\"https:\/\/drive.google.com\/file\/d\/1X72CnDh591_H7BvoowpD42OTYHvxa_uC\/view?usp=sharing\">codi de descompte<\/a> de l\u2019editorial Vicens Vives per adquirir els llibres de les mat\u00e8ries de Catal\u00e0 i Filosofia. El codi de descompte \u00e9s tot&hellip;  <a href=\"https:\/\/agora.xtec.cat\/iesmontbui\/general\/llibres-1r-de-batxillerat\/\" title=\"Read Llibres 1r de batxillerat\">Llegeix m\u00e9s\u00bb<\/a><\/p>\n","protected":false},"author":1,"featured_media":7544,"comment_status":"open","ping_status":"closed","sticky":false,"template":"","format":"standard","meta":{"_bbp_topic_count":0,"_bbp_reply_count":0,"_bbp_total_topic_count":0,"_bbp_total_reply_count":0,"_bbp_voice_count":0,"_bbp_anonymous_reply_count":0,"_bbp_topic_count_hidden":0,"_bbp_reply_count_hidden":0,"_bbp_forum_subforum_count":0,"footnotes":""},"categories":[67,8,1,29],"tags":[],"class_list":["post-7534","post","type-post","status-publish","format-standard","has-post-thumbnail","hentry","category-batx-1","category-batxillerat","category-general","category-portada"],"post_mailing_queue_ids":[],"_links":{"self":[{"href":"https:\/\/agora.xtec.cat\/iesmontbui\/wp-json\/wp\/v2\/posts\/7534","targetHints":{"allow":["GET"]}}],"collection":[{"href":"https:\/\/agora.xtec.cat\/iesmontbui\/wp-json\/wp\/v2\/posts"}],"about":[{"href":"https:\/\/agora.xtec.cat\/iesmontbui\/wp-json\/wp\/v2\/types\/post"}],"author":[{"embeddable":true,"href":"https:\/\/agora.xtec.cat\/iesmontbui\/wp-json\/wp\/v2\/users\/1"}],"replies":[{"embeddable":true,"href":"https:\/\/agora.xtec.cat\/iesmontbui\/wp-json\/wp\/v2\/comments?post=7534"}],"version-history":[{"count":3,"href":"https:\/\/agora.xtec.cat\/iesmontbui\/wp-json\/wp\/v2\/posts\/7534\/revisions"}],"predecessor-version":[{"id":7538,"href":"https:\/\/agora.xtec.cat\/iesmontbui\/wp-json\/wp\/v2\/posts\/7534\/revisions\/7538"}],"wp:featuredmedia":[{"embeddable":true,"href":"https:\/\/agora.xtec.cat\/iesmontbui\/wp-json\/wp\/v2\/media\/7544"}],"wp:attachment":[{"href":"https:\/\/agora.xtec.cat\/iesmontbui\/wp-json\/wp\/v2\/media?parent=7534"}],"wp:term":[{"taxonomy":"category","embeddable":true,"href":"https:\/\/agora.xtec.cat\/iesmontbui\/wp-json\/wp\/v2\/categories?post=7534"},{"taxonomy":"post_tag","embeddable":true,"href":"https:\/\/agora.xtec.cat\/iesmontbui\/wp-json\/wp\/v2\/tags?post=7534"}],"curies":[{"name":"wp","href":"https:\/\/api.w.org\/{rel}","templated":true}]}}