{"id":7524,"date":"2022-07-15T08:00:34","date_gmt":"2022-07-15T06:00:34","guid":{"rendered":"https:\/\/agora.xtec.cat\/iesmontbui\/?p=7524"},"modified":"2022-09-09T18:26:15","modified_gmt":"2022-09-09T16:26:15","slug":"inici-de-curs-2022-23","status":"publish","type":"post","link":"https:\/\/agora.xtec.cat\/iesmontbui\/portada\/inici-de-curs-2022-23\/","title":{"rendered":"Inici de curs 2022-23"},"content":{"rendered":"<p style=\"text-align: justify;\"><span style=\"font-weight: 400;\">Benvolgudes fam\u00edlies,<\/span><\/p>\n<p style=\"text-align: justify;\"><span style=\"font-weight: 400;\">Ens adrecem a vost\u00e8s per informar-los sobre diferents aspectes a tenir en compte pel curs vinent 2022\/23:<\/span><\/p>\n<p style=\"text-align: justify;\"><b>HORARI MARC<\/b><\/p>\n<p style=\"text-align: justify;\"><span style=\"font-weight: 400;\">&#8211; ESO i Batxillerat: de dilluns a divendres de 8:00 a 2\/4 de 3 (14:30). Aquest horari contempla dos patis de 20 i 10 minuts, respectivament. El primer pati \u00e9s de 10:00 a 10:20 i el segon, de 12:20 a les 12:30.<\/span><\/p>\n<p style=\"text-align: justify;\"><span style=\"font-weight: 400;\">&#8211; PFI: de dilluns a dijous de 8:00 a 2\/4 de 3 (14:30) i divendres de 8:00 a 2\/4 de 2 (13:30)<\/span><\/p>\n<p style=\"text-align: justify;\"><span style=\"font-weight: 400;\">Els diferents nivells (1r, 2n, 3r, 4t d\u2019ESO, 1r i 2n de Batxillerat i PFI) podran entrar al centre per aquests dos <\/span><b>punts d\u2019acc\u00e9s<\/b><span style=\"font-weight: 400;\">:\u00a0<\/span><\/p>\n<p style=\"text-align: justify;\"><span style=\"font-weight: 400;\">&#8211; Carrer La Tossa (Escola Antoni Gaud\u00ed)\u00a0<\/span><\/p>\n<p style=\"text-align: justify;\"><span style=\"font-weight: 400;\">&#8211; Carrer Lope de Vega (prop Mercadona)<\/span><\/p>\n<p style=\"text-align: justify;\"><span style=\"font-weight: 400;\">L\u2019horari d\u2019entrada al centre per tots els nivells ser\u00e0 de <\/span><b>8:00 a 8:05 <\/b><span style=\"font-weight: 400;\">i el de <\/span><b>sortida a les 14:30<\/b><span style=\"font-weight: 400;\"> (excepte PFi, que divendres acaba a les 13.30)\u00a0<\/span><\/p>\n<p style=\"text-align: justify;\"><span style=\"font-weight: 400;\">A les tardes, l\u2019Institut a trav\u00e9s del Pla Educatiu d\u2019Entorn (PEE) ha organitzat l\u2019oferta d\u2019extraescolars (els la presentarem a inici de setembre).<\/span><\/p>\n<p style=\"text-align: justify;\"><b>PRESENTACI\u00d3 I INICI DEL CURS<\/b><\/p>\n<p style=\"text-align: justify;\"><b>&#8211; Dimecres 7 de setembre, recepci\u00f3 i presentaci\u00f3 de curs a l\u2019alumnat amb els tutors\/es <\/b><span style=\"font-weight: 400;\">de cada nivell (1r, 2n, 3r i 4t d\u2019ESO i 1r i 2n de<\/span> <span style=\"font-weight: 400;\">Batxillerat i PFI). <\/span><b>MOLT IMPORTANT!<\/b><span style=\"font-weight: 400;\">\u00a0<\/span><\/p>\n<table>\n<tbody>\n<tr>\n<td><b>CURS<\/b><\/td>\n<td><b>1r d\u2019ESO<\/b><\/td>\n<td><b>2n d\u2019ESO<\/b><\/td>\n<td><b>3r d\u2019ESO<\/b><\/td>\n<td><b>4t d\u2019ESO<\/b><\/td>\n<td><b>1r i 2n Batxillerat i PFI<\/b><\/td>\n<\/tr>\n<tr>\n<td><b>HORA\u00a0<\/b><\/td>\n<td><span style=\"font-weight: 400;\">10:00 h<\/span><\/td>\n<td><span style=\"font-weight: 400;\">11:30 h<\/span><\/td>\n<td><span style=\"font-weight: 400;\">9:00 h<\/span><\/td>\n<td><span style=\"font-weight: 400;\">11:30 h<\/span><\/td>\n<td><span style=\"font-weight: 400;\">11:00 h<\/span><\/td>\n<\/tr>\n<tr>\n<td><b>MATERIAL<\/b><\/td>\n<td><span style=\"font-weight: 400;\">Portar bol\u00edgraf<\/span><\/td>\n<td><span style=\"font-weight: 400;\">Portar bol\u00edgraf<\/span><\/td>\n<td><span style=\"font-weight: 400;\">Portar bol\u00edgraf<\/span><\/td>\n<td><span style=\"font-weight: 400;\">Portar bol\u00edgraf<\/span><\/td>\n<td><span style=\"font-weight: 400;\">Portar bol\u00edgraf<\/span><\/td>\n<\/tr>\n<\/tbody>\n<\/table>\n<p style=\"text-align: justify;\"><b>&#8211; Dijous 8 de setembre: <\/b><span style=\"font-weight: 400;\">Inici de les classes a 1r, 2n, 3r i 4t d\u2019ESO i 1r i 2n de Batxillerat i PFI<\/span><\/p>\n<p style=\"text-align: justify;\"><b>REUNIONS\u00a0 FAM\u00cdLIES<\/b><\/p>\n<p style=\"text-align: justify;\"><b>&#8211; Dimecres dia 7 de setembre<\/b><span style=\"font-weight: 400;\">,<\/span> <span style=\"font-weight: 400;\">a les 19 hores, reuni\u00f3 de fam\u00edlies d\u2019alumnat de <\/span><b>1r d\u2019ESO<\/b><span style=\"font-weight: 400;\"> i alumnat nou al centre dels cursos 2n, 3r i 4t d\u2019ESO. \u00c9s molt important l\u2019assist\u00e8ncia a aquesta reuni\u00f3 perqu\u00e8 s\u2019informar\u00e0 sobre els Chromebooks de l\u2019alumnat facilitats pel Pla d\u2019Educaci\u00f3 Digital de Catalunya (PEDC).<\/span><\/p>\n<p style=\"text-align: justify;\"><b>&#8211; Dimarts<\/b><b> 27 de setembre<\/b><span style=\"font-weight: 400;\">: <\/span><span style=\"font-weight: 400;\">Reuni\u00f3 de fam\u00edlies amb els tutors i tutores de <\/span><b>PFI<\/b><span style=\"font-weight: 400;\"> i <\/span><b>1r i 2n de Batxillerat<\/b><span style=\"font-weight: 400;\"> a les 19 hores.<\/span><\/p>\n<p style=\"text-align: justify;\"><b>&#8211; Dimarts<\/b><b> 18 d\u2019octubre:<\/b> <span style=\"font-weight: 400;\">Reuni\u00f3 de fam\u00edlies amb els tutors i tutores de <\/span><b>1r i 2n d\u2019ESO<\/b><span style=\"font-weight: 400;\"> a les 19 hores.\u00a0<\/span><\/p>\n<p style=\"text-align: justify;\"><b>&#8211; Dimarts <\/b><b>25 d\u2019octubre<\/b><span style=\"font-weight: 400;\">: Reuni\u00f3 de fam\u00edlies, a les 19 hores, amb els tutors i tutores de <\/span><b>3r i 4t d\u2019ESO<\/b><span style=\"font-weight: 400;\">.\u00a0\u00a0\u00a0\u00a0\u00a0\u00a0\u00a0\u00a0\u00a0\u00a0\u00a0\u00a0\u00a0\u00a0\u00a0\u00a0\u00a0\u00a0\u00a0\u00a0\u00a0\u00a0\u00a0\u00a0\u00a0\u00a0\u00a0\u00a0\u00a0\u00a0\u00a0\u00a0\u00a0\u00a0\u00a0\u00a0\u00a0\u00a0\u00a0\u00a0\u00a0\u00a0\u00a0\u00a0\u00a0\u00a0\u00a0\u00a0\u00a0\u00a0\u00a0\u00a0\u00a0<\/span><\/p>\n<p style=\"text-align: justify;\"><b>CONVOCAT\u00d2RIA EXTRAORDIN\u00c0RIA 1r BATXILLERAT<\/b><\/p>\n<p style=\"text-align: justify;\"><b>Els dies 1 i 2 de setembre es faran els ex\u00e0mens de convocat\u00f2ria extraordin\u00e0ria a 1r de Batxillerat<\/b><span style=\"font-weight: 400;\">. L\u2019alumnat que t\u00e9 mat\u00e8ries pendents \u00e9s molt rellevant que es presenti seguint l\u2019horari i la informaci\u00f3 que s\u2019ha enviat de manera espec\u00edfica i que s\u2019ha penjat a la p\u00e0gina web del centre. El lliurament de les notes d\u2019aquesta convocat\u00f2ria extraordin\u00e0ria de setembre <\/span><span style=\"font-weight: 400;\">ser\u00e0 el <\/span><b>dilluns 5 de setembre a les 12:00<\/b><span style=\"font-weight: 400;\"> hores a la sala d\u2019audiovisuals.<\/span><\/p>\n<p><b>EX\u00c0MENS CONVOCAT\u00d2RIA EXTRAORDIN\u00c0RIA 1r DE BATXILLERAT\u00a0<\/b><span style=\"font-weight: 400;\"><b>-SETEMBRE 2022-<\/b> \u00a0<\/span><\/p>\n<table>\n<thead>\n<tr>\n<th><b>Horari<\/b><\/th>\n<th><b>Dijous 1 setembre 2022<\/b><\/th>\n<th><b>Divendres 2 setembre 2022<\/b><\/th>\n<\/tr>\n<\/thead>\n<tbody>\n<tr>\n<td><span style=\"font-weight: 400;\">8:00 &#8211; 9:00<\/span><\/td>\n<td><b>MATEM\u00c0TIQUES CT\u00a0<\/b><\/p>\n<p><span style=\"font-weight: 400;\">Aula 1.1<\/span><\/p>\n<p><b>LITERATURA UNIVERSAL<\/b><\/p>\n<p><span style=\"font-weight: 400;\">Aula 1.2<\/span><\/p>\n<p><b>ECONOMIA DE L\u2019EMPRESA<\/b><\/p>\n<p><span style=\"font-weight: 400;\">Aula 1.3<\/span><\/td>\n<td><b>EDUCACI\u00d3 F\u00cdSICA<\/b><span style=\"font-weight: 400;\">Pati \/ Gimn\u00e0s<\/span><\/p>\n<p>&nbsp;<\/td>\n<\/tr>\n<tr>\n<td><span style=\"font-weight: 400;\">9:00 &#8211; 10:00<\/span><\/td>\n<td><b>MATEM\u00c0TIQUES APLICADES<\/b><\/p>\n<p><span style=\"font-weight: 400;\">Aula 1.2<\/span><\/p>\n<p><b>LLAT\u00cd<\/b><\/p>\n<p><span style=\"font-weight: 400;\">Aula 1.3<\/span><\/p>\n<p><b>QU\u00cdMICA<\/b><\/p>\n<p><span style=\"font-weight: 400;\">Aula 1.1<\/span><\/td>\n<td><b>TECNOLOGIA INDUSTRIAL<\/b><\/p>\n<p><span style=\"font-weight: 400;\">Aula 1.2<\/span><\/p>\n<p><b>BIOLOGIA<\/b><\/p>\n<p><span style=\"font-weight: 400;\">Aula 1.3<\/span><\/p>\n<p><b>HIST\u00d2RIA DEL\u00a0 M\u00d3N CONTEMPORANI<\/b><span style=\"font-weight: 400;\">.<\/span><\/p>\n<p><span style=\"font-weight: 400;\">\u00a0Aula 1.1<\/span><\/td>\n<\/tr>\n<tr>\n<td><span style=\"font-weight: 400;\">10:00-11:00<\/span><\/td>\n<td><b>CATAL\u00c0<\/b><span style=\"font-weight: 400;\">Aula 1.2<\/span><\/td>\n<td><b>CASTELL\u00c0<\/b><span style=\"font-weight: 400;\">Aula 1.2<\/span><\/td>\n<\/tr>\n<tr>\n<td><\/td>\n<td><\/td>\n<td><\/td>\n<\/tr>\n<tr>\n<td><span style=\"font-weight: 400;\">11:30-12:30<\/span><\/td>\n<td><b>ANGL\u00c8S<\/b><\/p>\n<p><span style=\"font-weight: 400;\">Aula 1.2<\/span><\/p>\n<p>&nbsp;<\/td>\n<td><b>ECONOMIA<\/b><\/p>\n<p><span style=\"font-weight: 400;\">Aula 1.2<\/span><\/p>\n<p><b>F\u00cdSICA<\/b><\/p>\n<p><span style=\"font-weight: 400;\">Aula 1.1<\/span><\/p>\n<p><b>EXPRESSI\u00d3 ESCRITA\u00a0 I COMENTARI DE TEXTOS<\/b><\/p>\n<p><span style=\"font-weight: 400;\">Aula 1.3<\/span><\/td>\n<\/tr>\n<tr>\n<td><span style=\"font-weight: 400;\">12:30-13:30<\/span><\/td>\n<td><b>CI\u00c8NCIES PER AL M\u00d3N CONTEMPORANI<\/b><span style=\"font-weight: 400;\">\u00a0<\/span><span style=\"font-weight: 400;\">Aula 1.2<\/span><\/td>\n<td><b>FILOSOFIA<\/b><\/p>\n<p><span style=\"font-weight: 400;\">Aula 1.2<\/span><\/p>\n<p><b>ACTIC<\/b><span style=\"font-weight: 400;\">\u00a0<\/span><\/p>\n<p><span style=\"font-weight: 400;\">Tic-Taller<\/span><\/td>\n<\/tr>\n<\/tbody>\n<\/table>\n<p style=\"text-align: justify;\"><b>LLISTA DE MATERIALS<\/b><\/p>\n<p style=\"text-align: justify;\"><span style=\"font-weight: 400;\">Podeu consultar la llista de materials per al curs 2022\/23 clicant en aquest <\/span><a href=\"https:\/\/docs.google.com\/document\/d\/1Gv2Yb9rzhtLuNVN8XTa6hPwo2Qeobn-QEfigcYTnuuE\/edit?usp=sharing\"><span style=\"font-weight: 400;\">enlla\u00e7<\/span><\/a><span style=\"font-weight: 400;\">.<\/span><b>\u00a0 \u00a0 \u00a0 \u00a0 \u00a0 \u00a0 \u00a0 \u00a0 \u00a0 \u00a0 \u00a0 \u00a0 \u00a0 \u00a0 \u00a0 \u00a0 \u00a0 \u00a0 \u00a0 \u00a0 \u00a0 \u00a0 \u00a0 \u00a0 \u00a0 \u00a0 \u00a0 \u00a0 \u00a0 \u00a0 \u00a0<\/b><\/p>\n<p style=\"text-align: justify;\"><span style=\"font-weight: 400;\">Cordialment,<\/span><\/p>\n<p style=\"text-align: justify;\"><span style=\"font-weight: 400;\"><strong>Direcci\u00f3<\/strong><\/span><span style=\"font-weight: 400;\">\u00a0 \u00a0 \u00a0 \u00a0 \u00a0 \u00a0 \u00a0 \u00a0<\/span><\/p>\n","protected":false},"excerpt":{"rendered":"<p>Benvolgudes fam\u00edlies,<br \/>\nEns adrecem a vost\u00e8s per informar-los sobre diferents aspectes a tenir en compte pel curs vinent 2022\/23:<br \/>\nHORARI MARC<br \/>\n&#8211; ESO i Batxillerat: de dilluns a divendres de 8:00 a 2\/4 de 3 (14:30). Aquest horari contempla dos patis de 20 i 10 minuts, respectivament. El&hellip;  <a href=\"https:\/\/agora.xtec.cat\/iesmontbui\/portada\/inici-de-curs-2022-23\/\" title=\"Read Inici de curs 2022-23\">Llegeix m\u00e9s\u00bb<\/a><\/p>\n","protected":false},"author":66,"featured_media":7529,"comment_status":"open","ping_status":"closed","sticky":false,"template":"","format":"standard","meta":{"_bbp_topic_count":0,"_bbp_reply_count":0,"_bbp_total_topic_count":0,"_bbp_total_reply_count":0,"_bbp_voice_count":0,"_bbp_anonymous_reply_count":0,"_bbp_topic_count_hidden":0,"_bbp_reply_count_hidden":0,"_bbp_forum_subforum_count":0,"footnotes":""},"categories":[98,116,112,117,113,114,115,118,29],"tags":[],"class_list":["post-7524","post","type-post","status-publish","format-standard","has-post-thumbnail","hentry","category-comunicats","category-comunicats1btx","category-comunicats1","category-comunicats2btx","category-comunicats2","category-comunicats3","category-comunicats4","category-comunicatspfi","category-portada"],"post_mailing_queue_ids":[],"_links":{"self":[{"href":"https:\/\/agora.xtec.cat\/iesmontbui\/wp-json\/wp\/v2\/posts\/7524","targetHints":{"allow":["GET"]}}],"collection":[{"href":"https:\/\/agora.xtec.cat\/iesmontbui\/wp-json\/wp\/v2\/posts"}],"about":[{"href":"https:\/\/agora.xtec.cat\/iesmontbui\/wp-json\/wp\/v2\/types\/post"}],"author":[{"embeddable":true,"href":"https:\/\/agora.xtec.cat\/iesmontbui\/wp-json\/wp\/v2\/users\/66"}],"replies":[{"embeddable":true,"href":"https:\/\/agora.xtec.cat\/iesmontbui\/wp-json\/wp\/v2\/comments?post=7524"}],"version-history":[{"count":2,"href":"https:\/\/agora.xtec.cat\/iesmontbui\/wp-json\/wp\/v2\/posts\/7524\/revisions"}],"predecessor-version":[{"id":7543,"href":"https:\/\/agora.xtec.cat\/iesmontbui\/wp-json\/wp\/v2\/posts\/7524\/revisions\/7543"}],"wp:featuredmedia":[{"embeddable":true,"href":"https:\/\/agora.xtec.cat\/iesmontbui\/wp-json\/wp\/v2\/media\/7529"}],"wp:attachment":[{"href":"https:\/\/agora.xtec.cat\/iesmontbui\/wp-json\/wp\/v2\/media?parent=7524"}],"wp:term":[{"taxonomy":"category","embeddable":true,"href":"https:\/\/agora.xtec.cat\/iesmontbui\/wp-json\/wp\/v2\/categories?post=7524"},{"taxonomy":"post_tag","embeddable":true,"href":"https:\/\/agora.xtec.cat\/iesmontbui\/wp-json\/wp\/v2\/tags?post=7524"}],"curies":[{"name":"wp","href":"https:\/\/api.w.org\/{rel}","templated":true}]}}