{"id":7505,"date":"2022-07-05T20:33:27","date_gmt":"2022-07-05T18:33:27","guid":{"rendered":"https:\/\/agora.xtec.cat\/iesmontbui\/?p=7505"},"modified":"2022-07-06T12:44:16","modified_gmt":"2022-07-06T10:44:16","slug":"histories-de-la-riba-oest","status":"publish","type":"post","link":"https:\/\/agora.xtec.cat\/iesmontbui\/eso\/histories-de-la-riba-oest\/","title":{"rendered":"Hist\u00f2ries de la Riba Oest"},"content":{"rendered":"<p>Aquest \u00e9s el tercer curs que a l\u2019Institut Montbui estem desenvolupant el <b>projecte d\u2019innovaci\u00f3 Ara.Art<\/b>, en el qual pretenem aglutinar, amb una mirada art\u00edstica i creativa, els diversos projectes que duem a terme amb l\u2019objectiu de potenciar el raonament cr\u00edtic i la creativitat de l\u2019alumnat.<\/p>\n<p>Per aquest motiu, des de diverses mat\u00e8ries, hem elaborat un v\u00eddeo de creaci\u00f3 art\u00edstica inspirat en el musical <i>West Side Story, <\/i>que hem presentat a la I Mostra Sambori impulsada per \u00d2mnium Cultural<i>. <\/i>El seu t\u00edtol, <i>Hist\u00f2ries de la riba oest,<\/i> ens recorda aquest musical i, al mateix temps, ens defineix, ja que el nostre institut es troba a la riba oest del riu Anoia.<\/p>\n<p>Fent clic a la seg\u00fcent imatge podreu accedir al curtmetratge &#8220;Hist\u00f2ries de la Riba Oest&#8221;.<\/p>\n<p><a href=\"https:\/\/www.wevideo.com\/view\/2603145555\"><img loading=\"lazy\" decoding=\"async\" class=\"alignnone wp-image-7506 size-full\" src=\"https:\/\/agora.xtec.cat\/iesmontbui\/wp-content\/uploads\/usu145\/2022\/07\/portada-web.jpg\" alt=\"\" width=\"1024\" height=\"720\" srcset=\"https:\/\/agora.xtec.cat\/iesmontbui\/wp-content\/uploads\/usu145\/2022\/07\/portada-web.jpg 1024w, https:\/\/agora.xtec.cat\/iesmontbui\/wp-content\/uploads\/usu145\/2022\/07\/portada-web-300x211.jpg 300w, https:\/\/agora.xtec.cat\/iesmontbui\/wp-content\/uploads\/usu145\/2022\/07\/portada-web-768x540.jpg 768w\" sizes=\"auto, (max-width: 1024px) 100vw, 1024px\" \/><\/a><\/p>\n<p>D\u2019una banda, volem destacar que ha estat per a nosaltres un projecte totalment nou i, per tant, al principi no en sab\u00edem els resultats. Per\u00f2 amb la implicaci\u00f3 de totes les parts que hi han participat, ha estat un treball col\u00b7laboratiu molt enriquidor que ha suposat empoderar l\u2019alumnat, entre molts altres aprenentatges.<\/p>\n<p>De l\u2019altra, volem ressaltar el fet que en aquest projecte s\u2019hi reflecteix la nostra ess\u00e8ncia, ja que els espais que hem utilitzat s\u00f3n els del nostre centre i els m\u00e9s propers. Tamb\u00e9 hem introdu\u00eft el nostre logotip en el t\u00edtol del v\u00eddeo, que ens serveix de fil conductor de la hist\u00f2ria.<\/p>\n<p>Aix\u00ed mateix, volem agrair la implicaci\u00f3 i dedicaci\u00f3 de tot l&#8217;alumnat i professorat que hi ha participat, especialment la dels guionistes i actors.<\/p>\n<p>Aix\u00ed, doncs, el v\u00eddeo ha estat possible gr\u00e0cies a la feina que s\u2019ha fet des de les mat\u00e8ries i activitats que detallem a continuaci\u00f3 i en recull una part de la tasca, at\u00e8s que hi continuem treballant i tenim previst enllestir-la a final de curs.<\/p>\n<p><b>Mat\u00e8ria Llengua catalana 3r ESO<\/b>:<\/p>\n<ul>\n<li aria-level=\"1\">Un dels continguts que estudiem en aquest curs i mat\u00e8ria \u00e9s el<b> gui\u00f3 teatral. <\/b>Per aquest motiu, vam demanar als cinc grups classe de 3r d\u2019ESO que, en grups de quatre i cinc alumnes, redactessin un gui\u00f3 teatral tenint en compte les caracter\u00edstiques estudiades a classe sobre aquest tipus de text. Ens interessava que s\u2019hi reflect\u00eds la seva pr\u00f2pia veu i mirada, tot creant un gui\u00f3 basat en l\u2019amistat i en els conflictes de l\u2019edat. De tots els textos que van escriure, en vam triar un. L\u2019alumnat que va escriure el gui\u00f3 guanyador tenia prefer\u00e8ncia a l\u2019hora d&#8217;interpretar-lo.<\/li>\n<\/ul>\n<p><b>Optativa Lletres i Cultura, 4t D\u2019ESO:<\/b><\/p>\n<ul>\n<li aria-level=\"1\">En aquesta mat\u00e8ria vam<b> adaptar la lletra de la can\u00e7\u00f3<\/b> <i>Am\u00e8rica <\/i>del musical<i> West Side Story <\/i>a la realitat del nostre institut. Per escriure\u2019n la lletra, ens vam centrar a descriure els avantatges i els inconvenients de ser en aquest institut i en aquest poble. A partir d\u2019aqu\u00ed, l\u2019alumnat va fer propostes de versos que s\u2019adeq\u00fcessin al ritme de la can\u00e7\u00f3 original i vam triar les que m\u00e9s ens van agradar.<\/li>\n<\/ul>\n<p><b>Projecte orquestra de vent, 1r i 2n d\u2019ESO<\/b><\/p>\n<ul>\n<li aria-level=\"1\">A l\u2019institut comptem amb dues orquestres de vent a 1r i 2n d\u2019ESO. Des de principi de curs, hem estat treballant la seva aportaci\u00f3 a aquest projecte que consisteix en l\u2019<b>enregistrament d\u2019una versi\u00f3 feta per professorat del centre del tema <\/b><b><i>Prelude<\/i><\/b><i>, <\/i>que \u00e9s la m\u00fasica inicial de la pel\u00b7l\u00edcula original.<\/li>\n<\/ul>\n<p><b>Coral Institut Montbui:<\/b><\/p>\n<ul>\n<li aria-level=\"1\">L\u2019aportaci\u00f3 de la coral en aquest projecte consisteix en l\u2019<b>enregistrament de l&#8217;adaptaci\u00f3 de la can\u00e7\u00f3 <\/b><b><i>Am\u00e8rica<\/i><\/b> adaptada per l\u2019alumnat de l\u2019optativa Cultura i lletres de 4t d\u2019ESO.<\/li>\n<\/ul>\n<p><b>Optativa d&#8217;Educaci\u00f3 Visual i Pl\u00e0stica de 4t d\u2019ESO<\/b>:<\/p>\n<ul>\n<li aria-level=\"1\">L\u2019alumnat de 4t d\u2019ESO que fa aquesta mat\u00e8ria optativa es va encarregar de <b>crear els cartells de l\u2019obra i de l\u2019escenografia.<\/b> A partir d\u2019una plantilla, van pintar amb esprai els cartells (en veureu alguns fragments en el v\u00eddeo) i van muntar l\u2019escenografia de l\u2019escena de l\u2019actuaci\u00f3 final.<\/li>\n<\/ul>\n<p><b>Optativa AraArt (musical) de 2n ESO:<\/b><\/p>\n<ul>\n<li aria-level=\"1\">Basant-nos en el fil argumental del musical de<i> West Side Story<\/i>, hem treballat la creativitat, i hem estimulat la imaginaci\u00f3, el bon gust i el sentiment musical de l\u2019alumnat a trav\u00e9s de les diverses can\u00e7ons que formen part d&#8217;aquest musical, tot interpretant<b> coreografies<\/b> pr\u00f2pies creades pels alumnes.<\/li>\n<li aria-level=\"1\">Tot i que aquestes coreografies ja estan gravades i editades, no estan introdu\u00efdes al v\u00eddeo per q\u00fcestions d\u2019espai, entre altres motius.<\/li>\n<\/ul>\n<p style=\"text-align: right;\"><strong>Projecte Ara.Art i Departament de Lleng\u00fces<\/strong><\/p>\n<p>&nbsp;<\/p>\n","protected":false},"excerpt":{"rendered":"<p>Aquest \u00e9s el tercer curs que a l\u2019Institut Montbui estem desenvolupant el projecte d\u2019innovaci\u00f3 Ara.Art, en el qual pretenem aglutinar, amb una mirada art\u00edstica i creativa, els diversos projectes que duem a terme amb l\u2019objectiu de potenciar el raonament cr\u00edtic i la creativitat de l\u2019alumnat.<br \/>\nPer&hellip;  <a href=\"https:\/\/agora.xtec.cat\/iesmontbui\/eso\/histories-de-la-riba-oest\/\" title=\"Read Hist\u00f2ries de la Riba Oest\">Llegeix m\u00e9s\u00bb<\/a><\/p>\n","protected":false},"author":66,"featured_media":7506,"comment_status":"open","ping_status":"closed","sticky":false,"template":"","format":"standard","meta":{"_bbp_topic_count":0,"_bbp_reply_count":0,"_bbp_total_topic_count":0,"_bbp_total_reply_count":0,"_bbp_voice_count":0,"_bbp_anonymous_reply_count":0,"_bbp_topic_count_hidden":0,"_bbp_reply_count_hidden":0,"_bbp_forum_subforum_count":0,"footnotes":""},"categories":[190,121,125,3,6,19,20,21,340,351,7,24,25,26,66,29],"tags":[],"class_list":["post-7505","post","type-post","status-publish","format-standard","has-post-thumbnail","hentry","category-araart","category-depexpressio","category-depllengues","category-eso","category-eso-3","category-eso-3a","category-eso-3b","category-eso-3c","category-eso-3d","category-eso-3e","category-eso-4","category-eso-4a","category-eso-4b","category-eso-4c","category-eso_4d","category-portada"],"post_mailing_queue_ids":[],"_links":{"self":[{"href":"https:\/\/agora.xtec.cat\/iesmontbui\/wp-json\/wp\/v2\/posts\/7505","targetHints":{"allow":["GET"]}}],"collection":[{"href":"https:\/\/agora.xtec.cat\/iesmontbui\/wp-json\/wp\/v2\/posts"}],"about":[{"href":"https:\/\/agora.xtec.cat\/iesmontbui\/wp-json\/wp\/v2\/types\/post"}],"author":[{"embeddable":true,"href":"https:\/\/agora.xtec.cat\/iesmontbui\/wp-json\/wp\/v2\/users\/66"}],"replies":[{"embeddable":true,"href":"https:\/\/agora.xtec.cat\/iesmontbui\/wp-json\/wp\/v2\/comments?post=7505"}],"version-history":[{"count":2,"href":"https:\/\/agora.xtec.cat\/iesmontbui\/wp-json\/wp\/v2\/posts\/7505\/revisions"}],"predecessor-version":[{"id":7508,"href":"https:\/\/agora.xtec.cat\/iesmontbui\/wp-json\/wp\/v2\/posts\/7505\/revisions\/7508"}],"wp:featuredmedia":[{"embeddable":true,"href":"https:\/\/agora.xtec.cat\/iesmontbui\/wp-json\/wp\/v2\/media\/7506"}],"wp:attachment":[{"href":"https:\/\/agora.xtec.cat\/iesmontbui\/wp-json\/wp\/v2\/media?parent=7505"}],"wp:term":[{"taxonomy":"category","embeddable":true,"href":"https:\/\/agora.xtec.cat\/iesmontbui\/wp-json\/wp\/v2\/categories?post=7505"},{"taxonomy":"post_tag","embeddable":true,"href":"https:\/\/agora.xtec.cat\/iesmontbui\/wp-json\/wp\/v2\/tags?post=7505"}],"curies":[{"name":"wp","href":"https:\/\/api.w.org\/{rel}","templated":true}]}}