{"id":7484,"date":"2022-06-27T09:40:44","date_gmt":"2022-06-27T07:40:44","guid":{"rendered":"https:\/\/agora.xtec.cat\/iesmontbui\/?p=7484"},"modified":"2022-06-27T09:41:14","modified_gmt":"2022-06-27T07:41:14","slug":"millorem-amb-tu-campanya-de-recollida-selectiva","status":"publish","type":"post","link":"https:\/\/agora.xtec.cat\/iesmontbui\/eso\/millorem-amb-tu-campanya-de-recollida-selectiva\/","title":{"rendered":"&#8220;Millorem amb tu&#8221; Campanya de recollida selectiva"},"content":{"rendered":"<p style=\"text-align: justify;\">Des de l&#8217;\u00c0rea de medi ambient de l&#8217;Ajuntament de Santa Margarida de Montbui ens fan arribar aquesta campanya, feta amb la col\u00b7laboraci\u00f3 dels centres educatius i entitats de la vila, a on donen a con\u00e8ixer quines iniciatives duen a terme per la gesti\u00f3 del reciclatge de les diferents fraccions de residus.<\/p>\n<p style=\"text-align: justify;\">A continuaci\u00f3 us deixem el v\u00eddeo promocional, a on podreu veure com gestionem el reciclatge al nostre centre des de la Comissi\u00f3 d&#8217;escola verda:<\/p>\n<p><iframe loading=\"lazy\" src=\"https:\/\/drive.google.com\/file\/d\/1rT3UPI8oBf8EcB4siUTSRXTIPVyMSgQJ\/preview\" width=\"800\" height=\"440\"><span data-mce-type=\"bookmark\" style=\"display: inline-block; width: 0px; overflow: hidden; line-height: 0;\" class=\"mce_SELRES_start\">\ufeff<\/span><span data-mce-type=\"bookmark\" style=\"display: inline-block; width: 0px; overflow: hidden; line-height: 0;\" class=\"mce_SELRES_start\">\ufeff<\/span><span data-mce-type=\"bookmark\" style=\"display: inline-block; width: 0px; overflow: hidden; line-height: 0;\" class=\"mce_SELRES_start\">\ufeff<\/span><\/iframe><\/p>\n<p style=\"text-align: justify;\">Aquesta campanya coincideix amb el tema que ha treballat l&#8217;alumnat de 1r d&#8217;ESO aquest curs, ja que han basat tota la seva feina de descoberta en el concepte de &#8220;Les 3 R&#8221;: reduir, reutilitzar i reciclar.<\/p>\n<p style=\"text-align: right;\"><strong>Comunicaci\u00f3<\/strong><\/p>\n","protected":false},"excerpt":{"rendered":"<p>Des de l&#8217;\u00c0rea de medi ambient de l&#8217;Ajuntament de Santa Margarida de Montbui ens fan arribar aquesta campanya, feta amb la col\u00b7laboraci\u00f3 dels centres educatius i entitats de la vila, a on donen a con\u00e8ixer quines iniciatives duen a terme per la gesti\u00f3 del reciclatge&hellip;  <a href=\"https:\/\/agora.xtec.cat\/iesmontbui\/eso\/millorem-amb-tu-campanya-de-recollida-selectiva\/\" title=\"Read &#8220;Millorem amb tu&#8221; Campanya de recollida selectiva\">Llegeix m\u00e9s\u00bb<\/a><\/p>\n","protected":false},"author":66,"featured_media":7485,"comment_status":"open","ping_status":"closed","sticky":false,"template":"","format":"standard","meta":{"_bbp_topic_count":0,"_bbp_reply_count":0,"_bbp_total_topic_count":0,"_bbp_total_reply_count":0,"_bbp_voice_count":0,"_bbp_anonymous_reply_count":0,"_bbp_topic_count_hidden":0,"_bbp_reply_count_hidden":0,"_bbp_forum_subforum_count":0,"footnotes":""},"categories":[120,350,3,4,175,10,11,185,186,29],"tags":[],"class_list":["post-7484","post","type-post","status-publish","format-standard","has-post-thumbnail","hentry","category-depciencies","category-escola-verda","category-eso","category-eso-1","category-eso-1a","category-eso-1b","category-eso-1c","category-eso-1d","category-eso-1e","category-portada"],"post_mailing_queue_ids":[],"_links":{"self":[{"href":"https:\/\/agora.xtec.cat\/iesmontbui\/wp-json\/wp\/v2\/posts\/7484","targetHints":{"allow":["GET"]}}],"collection":[{"href":"https:\/\/agora.xtec.cat\/iesmontbui\/wp-json\/wp\/v2\/posts"}],"about":[{"href":"https:\/\/agora.xtec.cat\/iesmontbui\/wp-json\/wp\/v2\/types\/post"}],"author":[{"embeddable":true,"href":"https:\/\/agora.xtec.cat\/iesmontbui\/wp-json\/wp\/v2\/users\/66"}],"replies":[{"embeddable":true,"href":"https:\/\/agora.xtec.cat\/iesmontbui\/wp-json\/wp\/v2\/comments?post=7484"}],"version-history":[{"count":2,"href":"https:\/\/agora.xtec.cat\/iesmontbui\/wp-json\/wp\/v2\/posts\/7484\/revisions"}],"predecessor-version":[{"id":7487,"href":"https:\/\/agora.xtec.cat\/iesmontbui\/wp-json\/wp\/v2\/posts\/7484\/revisions\/7487"}],"wp:featuredmedia":[{"embeddable":true,"href":"https:\/\/agora.xtec.cat\/iesmontbui\/wp-json\/wp\/v2\/media\/7485"}],"wp:attachment":[{"href":"https:\/\/agora.xtec.cat\/iesmontbui\/wp-json\/wp\/v2\/media?parent=7484"}],"wp:term":[{"taxonomy":"category","embeddable":true,"href":"https:\/\/agora.xtec.cat\/iesmontbui\/wp-json\/wp\/v2\/categories?post=7484"},{"taxonomy":"post_tag","embeddable":true,"href":"https:\/\/agora.xtec.cat\/iesmontbui\/wp-json\/wp\/v2\/tags?post=7484"}],"curies":[{"name":"wp","href":"https:\/\/api.w.org\/{rel}","templated":true}]}}