{"id":7465,"date":"2022-06-21T01:32:53","date_gmt":"2022-06-20T23:32:53","guid":{"rendered":"https:\/\/agora.xtec.cat\/iesmontbui\/?p=7465"},"modified":"2022-09-07T21:04:18","modified_gmt":"2022-09-07T19:04:18","slug":"cloenda-del-projecte-de-mentoria-jove","status":"publish","type":"post","link":"https:\/\/agora.xtec.cat\/iesmontbui\/eso\/cloenda-del-projecte-de-mentoria-jove\/","title":{"rendered":"Cloenda del Projecte de Mentoria jove"},"content":{"rendered":"<p style=\"text-align: justify;\">El passat curs es va iniciar una prova pilot del projecte de Mentoria Jove Rossinyol a la Conca d\u2019\u00d2dena. Aquest projecte pret\u00e9n contribuir a la millora dels itineraris formatius i professionals de l\u2019alumnat de la Conca d\u2019\u00d2dena, aix\u00ed com al desenvolupament de les compet\u00e8ncies interculturals i les habilitats interpersonals.<\/p>\n<p style=\"text-align: justify;\">Les parelles participants han fet quedades cada setmana o cada dues setmanes, en funci\u00f3 de la disponibilitat tant del mentor\/a com del mentorat\/da. Cada parella ha fet una varietat de quedades diferents, des d\u2019activitats a la natura, m\u00e9s gastron\u00f2miques, biblioteca central i coneixement de l\u2019entorn cultural.<\/p>\n<p style=\"text-align: justify;\">Aquest dijous 16 de juny es va celebrar la cloenda de l&#8217;edici\u00f3 d&#8217;enguany, i alguns alumnes del nostre centre hi van col\u00b7laborar fent ballar i ensenyant els balls dels capgrossos de l&#8217;Associaci\u00f3 Xaragall de Montbui.<\/p>\n<p>Us deixem unes imatges de l&#8217;acte.<\/p>\n<p style=\"text-align: right;\"><strong>Comunicaci\u00f3<\/strong><\/p>\n\n\t\t<style type=\"text\/css\">\n\t\t\t#gallery-1 {\n\t\t\t\tmargin: auto;\n\t\t\t}\n\t\t\t#gallery-1 .gallery-item {\n\t\t\t\tfloat: left;\n\t\t\t\tmargin-top: 10px;\n\t\t\t\ttext-align: center;\n\t\t\t\twidth: 33%;\n\t\t\t}\n\t\t\t#gallery-1 img {\n\t\t\t\tborder: 2px solid #cfcfcf;\n\t\t\t}\n\t\t\t#gallery-1 .gallery-caption {\n\t\t\t\tmargin-left: 0;\n\t\t\t}\n\t\t\t\/* see gallery_shortcode() in wp-includes\/media.php *\/\n\t\t<\/style>\n\t\t<div id='gallery-1' class='gallery galleryid-7465 gallery-columns-3 gallery-size-medium'><dl class='gallery-item'>\n\t\t\t<dt class='gallery-icon portrait'>\n\t\t\t\t<a href='https:\/\/agora.xtec.cat\/iesmontbui\/eso\/cloenda-del-projecte-de-mentoria-jove\/attachment\/mento1\/'><img loading=\"lazy\" decoding=\"async\" width=\"225\" height=\"300\" src=\"https:\/\/agora.xtec.cat\/iesmontbui\/wp-content\/uploads\/usu145\/2022\/06\/mento1-225x300.jpg\" class=\"attachment-medium size-medium\" alt=\"\" srcset=\"https:\/\/agora.xtec.cat\/iesmontbui\/wp-content\/uploads\/usu145\/2022\/06\/mento1-225x300.jpg 225w, https:\/\/agora.xtec.cat\/iesmontbui\/wp-content\/uploads\/usu145\/2022\/06\/mento1-768x1024.jpg 768w, https:\/\/agora.xtec.cat\/iesmontbui\/wp-content\/uploads\/usu145\/2022\/06\/mento1.jpg 1024w\" sizes=\"auto, (max-width: 225px) 100vw, 225px\" \/><\/a>\n\t\t\t<\/dt><\/dl><dl class='gallery-item'>\n\t\t\t<dt class='gallery-icon portrait'>\n\t\t\t\t<a href='https:\/\/agora.xtec.cat\/iesmontbui\/eso\/cloenda-del-projecte-de-mentoria-jove\/attachment\/mento2\/'><img loading=\"lazy\" decoding=\"async\" width=\"225\" height=\"300\" src=\"https:\/\/agora.xtec.cat\/iesmontbui\/wp-content\/uploads\/usu145\/2022\/06\/mento2-225x300.jpg\" class=\"attachment-medium size-medium\" alt=\"\" srcset=\"https:\/\/agora.xtec.cat\/iesmontbui\/wp-content\/uploads\/usu145\/2022\/06\/mento2-225x300.jpg 225w, https:\/\/agora.xtec.cat\/iesmontbui\/wp-content\/uploads\/usu145\/2022\/06\/mento2-768x1024.jpg 768w, https:\/\/agora.xtec.cat\/iesmontbui\/wp-content\/uploads\/usu145\/2022\/06\/mento2.jpg 1024w\" sizes=\"auto, (max-width: 225px) 100vw, 225px\" \/><\/a>\n\t\t\t<\/dt><\/dl><dl class='gallery-item'>\n\t\t\t<dt class='gallery-icon landscape'>\n\t\t\t\t<a href='https:\/\/agora.xtec.cat\/iesmontbui\/eso\/cloenda-del-projecte-de-mentoria-jove\/attachment\/mentopor\/'><img loading=\"lazy\" decoding=\"async\" width=\"300\" height=\"225\" src=\"https:\/\/agora.xtec.cat\/iesmontbui\/wp-content\/uploads\/usu145\/2022\/06\/mentopor-300x225.jpg\" class=\"attachment-medium size-medium\" alt=\"\" srcset=\"https:\/\/agora.xtec.cat\/iesmontbui\/wp-content\/uploads\/usu145\/2022\/06\/mentopor-300x225.jpg 300w, https:\/\/agora.xtec.cat\/iesmontbui\/wp-content\/uploads\/usu145\/2022\/06\/mentopor-768x576.jpg 768w, https:\/\/agora.xtec.cat\/iesmontbui\/wp-content\/uploads\/usu145\/2022\/06\/mentopor-200x150.jpg 200w, https:\/\/agora.xtec.cat\/iesmontbui\/wp-content\/uploads\/usu145\/2022\/06\/mentopor.jpg 1024w\" sizes=\"auto, (max-width: 300px) 100vw, 300px\" \/><\/a>\n\t\t\t<\/dt><\/dl><br style=\"clear: both\" \/>\n\t\t<\/div>\n\n","protected":false},"excerpt":{"rendered":"<p>El passat curs es va iniciar una prova pilot del projecte de Mentoria Jove Rossinyol a la Conca d\u2019\u00d2dena. Aquest projecte pret\u00e9n contribuir a la millora dels itineraris formatius i professionals de l\u2019alumnat de la Conca d\u2019\u00d2dena, aix\u00ed com al desenvolupament de les compet\u00e8ncies interculturals&hellip;  <a href=\"https:\/\/agora.xtec.cat\/iesmontbui\/eso\/cloenda-del-projecte-de-mentoria-jove\/\" title=\"Read Cloenda del Projecte de Mentoria jove\">Llegeix m\u00e9s\u00bb<\/a><\/p>\n","protected":false},"author":66,"featured_media":7466,"comment_status":"open","ping_status":"closed","sticky":false,"template":"","format":"standard","meta":{"_bbp_topic_count":0,"_bbp_reply_count":0,"_bbp_total_topic_count":0,"_bbp_total_reply_count":0,"_bbp_voice_count":0,"_bbp_anonymous_reply_count":0,"_bbp_topic_count_hidden":0,"_bbp_reply_count_hidden":0,"_bbp_forum_subforum_count":0,"footnotes":""},"categories":[3,7,24,25,26,66,354,29],"tags":[],"class_list":["post-7465","post","type-post","status-publish","format-standard","has-post-thumbnail","hentry","category-eso","category-eso-4","category-eso-4a","category-eso-4b","category-eso-4c","category-eso_4d","category-eso-4e","category-portada"],"post_mailing_queue_ids":[],"_links":{"self":[{"href":"https:\/\/agora.xtec.cat\/iesmontbui\/wp-json\/wp\/v2\/posts\/7465","targetHints":{"allow":["GET"]}}],"collection":[{"href":"https:\/\/agora.xtec.cat\/iesmontbui\/wp-json\/wp\/v2\/posts"}],"about":[{"href":"https:\/\/agora.xtec.cat\/iesmontbui\/wp-json\/wp\/v2\/types\/post"}],"author":[{"embeddable":true,"href":"https:\/\/agora.xtec.cat\/iesmontbui\/wp-json\/wp\/v2\/users\/66"}],"replies":[{"embeddable":true,"href":"https:\/\/agora.xtec.cat\/iesmontbui\/wp-json\/wp\/v2\/comments?post=7465"}],"version-history":[{"count":1,"href":"https:\/\/agora.xtec.cat\/iesmontbui\/wp-json\/wp\/v2\/posts\/7465\/revisions"}],"predecessor-version":[{"id":7469,"href":"https:\/\/agora.xtec.cat\/iesmontbui\/wp-json\/wp\/v2\/posts\/7465\/revisions\/7469"}],"wp:featuredmedia":[{"embeddable":true,"href":"https:\/\/agora.xtec.cat\/iesmontbui\/wp-json\/wp\/v2\/media\/7466"}],"wp:attachment":[{"href":"https:\/\/agora.xtec.cat\/iesmontbui\/wp-json\/wp\/v2\/media?parent=7465"}],"wp:term":[{"taxonomy":"category","embeddable":true,"href":"https:\/\/agora.xtec.cat\/iesmontbui\/wp-json\/wp\/v2\/categories?post=7465"},{"taxonomy":"post_tag","embeddable":true,"href":"https:\/\/agora.xtec.cat\/iesmontbui\/wp-json\/wp\/v2\/tags?post=7465"}],"curies":[{"name":"wp","href":"https:\/\/api.w.org\/{rel}","templated":true}]}}