{"id":7462,"date":"2022-06-17T09:13:11","date_gmt":"2022-06-17T07:13:11","guid":{"rendered":"https:\/\/agora.xtec.cat\/iesmontbui\/?p=7462"},"modified":"2022-06-17T09:13:11","modified_gmt":"2022-06-17T07:13:11","slug":"acte-de-graduacio-curs-2021-2022","status":"publish","type":"post","link":"https:\/\/agora.xtec.cat\/iesmontbui\/eso\/acte-de-graduacio-curs-2021-2022\/","title":{"rendered":"Acte de Graduaci\u00f3 curs 2021-2022"},"content":{"rendered":"<p>Benvolgudes fam\u00edlies,<\/p>\n<p style=\"text-align: justify;\">us comuniquem que avui 17 de juny, a les 19:00 h, tindr\u00e0 lloc l&#8217;Acte de Graduaci\u00f3 de l&#8217;alumnat que ha acabat els estudis de 4t d&#8217;ESO i 2n de Batxillerat aquest curs 2021-2022.<\/p>\n<p style=\"text-align: justify;\">Durant l&#8217;acte, amenitzat amb diverses actuacions dels grups musicals del centre, es far\u00e0 entrega de les orles d&#8217;enguany als graduats i graduades, i en acabar tindr\u00e0 lloc un sopar nom\u00e9s obert a l&#8217;alumnat dels dits grups i les seves fam\u00edlies, que van adquirir els tiquets en el seu moment.<\/p>\n<p style=\"text-align: right;\"><strong>Comunicaci\u00f3<\/strong><\/p>\n","protected":false},"excerpt":{"rendered":"<p>Benvolgudes fam\u00edlies,<br \/>\nus comuniquem que avui 17 de juny, a les 19:00 h, tindr\u00e0 lloc l&#8217;Acte de Graduaci\u00f3 de l&#8217;alumnat que ha acabat els estudis de 4t d&#8217;ESO i 2n de Batxillerat aquest curs 2021-2022.<br \/>\nDurant l&#8217;acte, amenitzat amb diverses actuacions dels grups musicals del centre, es&hellip;  <a href=\"https:\/\/agora.xtec.cat\/iesmontbui\/eso\/acte-de-graduacio-curs-2021-2022\/\" title=\"Read Acte de Graduaci\u00f3 curs 2021-2022\">Llegeix m\u00e9s\u00bb<\/a><\/p>\n","protected":false},"author":66,"featured_media":7463,"comment_status":"closed","ping_status":"closed","sticky":false,"template":"","format":"standard","meta":{"_bbp_topic_count":0,"_bbp_reply_count":0,"_bbp_total_topic_count":0,"_bbp_total_reply_count":0,"_bbp_voice_count":0,"_bbp_anonymous_reply_count":0,"_bbp_topic_count_hidden":0,"_bbp_reply_count_hidden":0,"_bbp_forum_subforum_count":0,"footnotes":""},"categories":[98,117,115,3,29],"tags":[],"class_list":["post-7462","post","type-post","status-publish","format-standard","has-post-thumbnail","hentry","category-comunicats","category-comunicats2btx","category-comunicats4","category-eso","category-portada"],"post_mailing_queue_ids":[],"_links":{"self":[{"href":"https:\/\/agora.xtec.cat\/iesmontbui\/wp-json\/wp\/v2\/posts\/7462","targetHints":{"allow":["GET"]}}],"collection":[{"href":"https:\/\/agora.xtec.cat\/iesmontbui\/wp-json\/wp\/v2\/posts"}],"about":[{"href":"https:\/\/agora.xtec.cat\/iesmontbui\/wp-json\/wp\/v2\/types\/post"}],"author":[{"embeddable":true,"href":"https:\/\/agora.xtec.cat\/iesmontbui\/wp-json\/wp\/v2\/users\/66"}],"replies":[{"embeddable":true,"href":"https:\/\/agora.xtec.cat\/iesmontbui\/wp-json\/wp\/v2\/comments?post=7462"}],"version-history":[{"count":1,"href":"https:\/\/agora.xtec.cat\/iesmontbui\/wp-json\/wp\/v2\/posts\/7462\/revisions"}],"predecessor-version":[{"id":7464,"href":"https:\/\/agora.xtec.cat\/iesmontbui\/wp-json\/wp\/v2\/posts\/7462\/revisions\/7464"}],"wp:featuredmedia":[{"embeddable":true,"href":"https:\/\/agora.xtec.cat\/iesmontbui\/wp-json\/wp\/v2\/media\/7463"}],"wp:attachment":[{"href":"https:\/\/agora.xtec.cat\/iesmontbui\/wp-json\/wp\/v2\/media?parent=7462"}],"wp:term":[{"taxonomy":"category","embeddable":true,"href":"https:\/\/agora.xtec.cat\/iesmontbui\/wp-json\/wp\/v2\/categories?post=7462"},{"taxonomy":"post_tag","embeddable":true,"href":"https:\/\/agora.xtec.cat\/iesmontbui\/wp-json\/wp\/v2\/tags?post=7462"}],"curies":[{"name":"wp","href":"https:\/\/api.w.org\/{rel}","templated":true}]}}