{"id":7452,"date":"2022-06-14T09:42:21","date_gmt":"2022-06-14T07:42:21","guid":{"rendered":"https:\/\/agora.xtec.cat\/iesmontbui\/?p=7452"},"modified":"2022-09-07T21:04:40","modified_gmt":"2022-09-07T19:04:40","slug":"intercanvi-erasmus-a-courmayeur-italia","status":"publish","type":"post","link":"https:\/\/agora.xtec.cat\/iesmontbui\/general\/intercanvi-erasmus-a-courmayeur-italia\/","title":{"rendered":"Intercanvi Erasmus a Courmayeur (It\u00e0lia)\u00a0"},"content":{"rendered":"<p style=\"text-align: justify;\"><span style=\"font-weight: 400;\">Despr\u00e9s de la trobada a Montbui, el passat octubre, ja ten\u00edem moltes ganes de retrobar-nos a Courmayeur, un bonic poble dels Alps, al peu del mass\u00eds del Montblanc, pel cant\u00f3 itali\u00e0.<\/span><\/p>\n<p style=\"text-align: justify;\"><span style=\"font-weight: 400;\">Dilluns 2 de maig, a les 4 de la matinada, v\u00e0rem sortir de Montbui cap a l\u2019aeroport, amb els cotxes de dues fam\u00edlies molt voluntarioses, 6 alumnes i 2 professors. La D\u00fania, la Najia, l\u2019Eider, l\u2019Andrea, la Sara\u00a0 i l\u2019Alba, acompanyats del Marcel i de la Merc\u00e8. L\u2019avi\u00f3 ens va deixar a Mil\u00e0-Malpensa i d\u2019all\u00e0, amb autocar, v\u00e0rem arribar a Morgex, on ten\u00edem l\u2019hotel.<\/span><\/p>\n<p style=\"text-align: justify;\"><span style=\"font-weight: 400;\">Courmayeur \u00e9s el darrer poble habitat de la vall d\u2019Aosta, des d\u2019on parteixen les expedicions de muntanyers que volen escalar el mass\u00eds pel seu vessant sud.\u00a0 Aosta \u00e9s una regi\u00f3 auton\u00f2mica amb dues lleng\u00fces oficials, el franc\u00e8s i l\u2019itali\u00e0, tot i que la poblaci\u00f3 aut\u00f2ctona parla un dialecte propi, el gal\u00b7loproven\u00e7al. Els paisatges de la vall s\u00f3n insuperables.<\/span><\/p>\n<p style=\"text-align: justify;\"><span style=\"font-weight: 400;\">El nostre amfitri\u00f3 era el Liceu Linguistico Courmayeur, un institut especialitzat en lleng\u00fces. Hi han participat alumnes italians de la mat\u00e8ria d\u2019angl\u00e8s. Totes les activitats giraven, per\u00f2, al voltant del m\u00f3n vegetal.<\/span><\/p>\n<p style=\"text-align: justify;\"><span style=\"font-weight: 400;\">Per comen\u00e7ar, v\u00e0rem visitar unes caves famoses per fer vi i cava amb ra\u00efm de les vinyes de m\u00e9s altitud a Europa i una granja de vaques on, de la llet, en fan un formatge propi anomenat \u201cFontina\u201d. V\u00e0rem anar a la reserva natural Riserve Marais i a un museu de ci\u00e8ncies naturals que era a prop. L\u2019endem\u00e0 visit\u00e0rem la capital, Aosta, amb una gimcana muntada pels mateixos alumnes i, a la tarda, la Maison des Anciennes Rem\u00e8des, amb demostracions de remeis fets amb plantes medicinals.<\/span><\/p>\n<p style=\"text-align: justify;\"><span style=\"font-weight: 400;\">Malauradament, la sortida a la muntanya per con\u00e8ixer la flora alpina no va ser possible, pel mal temps que ens va fer l&#8217;endem\u00e0, i ens vam quedar a l\u2019institut fent unes activitats relacionades amb tot el que hav\u00edem visitat fins al moment.\u00a0<\/span><\/p>\n<p style=\"text-align: justify;\"><span style=\"font-weight: 400;\">El darrer dia, ens van presentar una xerrada sobre el rol del llop itali\u00e0 en la conservaci\u00f3 dels boscos i despr\u00e9s vam fer una activitat a l\u2019aire lliure. Finalment, les nostres alumnes van poder assistir a una classe d\u2019espanyol. Despr\u00e9s de dinar ens vam acomiadar i vam marxar cap a Mil\u00e0-Malpensa. Els mateixos pares voluntaris van venir a buscar-nos al Prat, per tornar a casa a les 11 de la nit, cosa que els agra\u00efm profundament.\u00a0<\/span><\/p>\n<p style=\"text-align: justify;\"><span style=\"font-weight: 400;\">Destaquem la gran hospitalitat de la delegaci\u00f3 italiana i l\u2019esfor\u00e7 que van fer en el muntatge de totes les activitats i pel que fa a la nostra, el <\/span><i><span style=\"font-weight: 400;\">savoir faire<\/span><\/i><span style=\"font-weight: 400;\"> de les nostres alumnes, amb un gran sentit de la responsabilitat, de la puntualitat i de l\u2019ordre; alhora valorem el gran esfor\u00e7 que van fer per a relacionar-se amb totes les delegacions amb un bon nivell d\u2019angl\u00e8s!<\/span><\/p>\n<p style=\"text-align: right;\"><strong>Merc\u00e8 Cartany\u00e0<\/strong><\/p>\n\n\t\t<style type=\"text\/css\">\n\t\t\t#gallery-1 {\n\t\t\t\tmargin: auto;\n\t\t\t}\n\t\t\t#gallery-1 .gallery-item {\n\t\t\t\tfloat: left;\n\t\t\t\tmargin-top: 10px;\n\t\t\t\ttext-align: center;\n\t\t\t\twidth: 33%;\n\t\t\t}\n\t\t\t#gallery-1 img {\n\t\t\t\tborder: 2px solid #cfcfcf;\n\t\t\t}\n\t\t\t#gallery-1 .gallery-caption {\n\t\t\t\tmargin-left: 0;\n\t\t\t}\n\t\t\t\/* see gallery_shortcode() in wp-includes\/media.php *\/\n\t\t<\/style>\n\t\t<div id='gallery-1' class='gallery galleryid-7452 gallery-columns-3 gallery-size-medium'><dl class='gallery-item'>\n\t\t\t<dt class='gallery-icon landscape'>\n\t\t\t\t<a href='https:\/\/agora.xtec.cat\/iesmontbui\/general\/intercanvi-erasmus-a-courmayeur-italia\/attachment\/1653663291176\/'><img loading=\"lazy\" decoding=\"async\" width=\"300\" height=\"225\" src=\"https:\/\/agora.xtec.cat\/iesmontbui\/wp-content\/uploads\/usu145\/2022\/06\/1653663291176-300x225.jpg\" class=\"attachment-medium size-medium\" alt=\"\" srcset=\"https:\/\/agora.xtec.cat\/iesmontbui\/wp-content\/uploads\/usu145\/2022\/06\/1653663291176-300x225.jpg 300w, https:\/\/agora.xtec.cat\/iesmontbui\/wp-content\/uploads\/usu145\/2022\/06\/1653663291176-768x576.jpg 768w, https:\/\/agora.xtec.cat\/iesmontbui\/wp-content\/uploads\/usu145\/2022\/06\/1653663291176-200x150.jpg 200w, https:\/\/agora.xtec.cat\/iesmontbui\/wp-content\/uploads\/usu145\/2022\/06\/1653663291176.jpg 1024w\" sizes=\"auto, (max-width: 300px) 100vw, 300px\" \/><\/a>\n\t\t\t<\/dt><\/dl><dl class='gallery-item'>\n\t\t\t<dt class='gallery-icon portrait'>\n\t\t\t\t<a href='https:\/\/agora.xtec.cat\/iesmontbui\/general\/intercanvi-erasmus-a-courmayeur-italia\/attachment\/1653663291243\/'><img loading=\"lazy\" decoding=\"async\" width=\"259\" height=\"300\" src=\"https:\/\/agora.xtec.cat\/iesmontbui\/wp-content\/uploads\/usu145\/2022\/06\/1653663291243-259x300.jpg\" class=\"attachment-medium size-medium\" alt=\"\" srcset=\"https:\/\/agora.xtec.cat\/iesmontbui\/wp-content\/uploads\/usu145\/2022\/06\/1653663291243-259x300.jpg 259w, https:\/\/agora.xtec.cat\/iesmontbui\/wp-content\/uploads\/usu145\/2022\/06\/1653663291243-768x889.jpg 768w, https:\/\/agora.xtec.cat\/iesmontbui\/wp-content\/uploads\/usu145\/2022\/06\/1653663291243.jpg 885w\" sizes=\"auto, (max-width: 259px) 100vw, 259px\" \/><\/a>\n\t\t\t<\/dt><\/dl><dl class='gallery-item'>\n\t\t\t<dt class='gallery-icon portrait'>\n\t\t\t\t<a href='https:\/\/agora.xtec.cat\/iesmontbui\/general\/intercanvi-erasmus-a-courmayeur-italia\/attachment\/1654164671010\/'><img loading=\"lazy\" decoding=\"async\" width=\"225\" height=\"300\" src=\"https:\/\/agora.xtec.cat\/iesmontbui\/wp-content\/uploads\/usu145\/2022\/06\/1654164671010-225x300.jpg\" class=\"attachment-medium size-medium\" alt=\"\" srcset=\"https:\/\/agora.xtec.cat\/iesmontbui\/wp-content\/uploads\/usu145\/2022\/06\/1654164671010-225x300.jpg 225w, https:\/\/agora.xtec.cat\/iesmontbui\/wp-content\/uploads\/usu145\/2022\/06\/1654164671010.jpg 768w\" sizes=\"auto, (max-width: 225px) 100vw, 225px\" \/><\/a>\n\t\t\t<\/dt><\/dl><br style=\"clear: both\" \/><dl class='gallery-item'>\n\t\t\t<dt class='gallery-icon landscape'>\n\t\t\t\t<a href='https:\/\/agora.xtec.cat\/iesmontbui\/general\/intercanvi-erasmus-a-courmayeur-italia\/attachment\/1654164671057\/'><img loading=\"lazy\" decoding=\"async\" width=\"300\" height=\"225\" src=\"https:\/\/agora.xtec.cat\/iesmontbui\/wp-content\/uploads\/usu145\/2022\/06\/1654164671057-300x225.jpg\" class=\"attachment-medium size-medium\" alt=\"\" srcset=\"https:\/\/agora.xtec.cat\/iesmontbui\/wp-content\/uploads\/usu145\/2022\/06\/1654164671057-300x225.jpg 300w, https:\/\/agora.xtec.cat\/iesmontbui\/wp-content\/uploads\/usu145\/2022\/06\/1654164671057-768x576.jpg 768w, https:\/\/agora.xtec.cat\/iesmontbui\/wp-content\/uploads\/usu145\/2022\/06\/1654164671057-200x150.jpg 200w, https:\/\/agora.xtec.cat\/iesmontbui\/wp-content\/uploads\/usu145\/2022\/06\/1654164671057.jpg 1024w\" sizes=\"auto, (max-width: 300px) 100vw, 300px\" \/><\/a>\n\t\t\t<\/dt><\/dl><dl class='gallery-item'>\n\t\t\t<dt class='gallery-icon landscape'>\n\t\t\t\t<a href='https:\/\/agora.xtec.cat\/iesmontbui\/general\/intercanvi-erasmus-a-courmayeur-italia\/attachment\/1654164671084-1\/'><img loading=\"lazy\" decoding=\"async\" width=\"300\" height=\"225\" src=\"https:\/\/agora.xtec.cat\/iesmontbui\/wp-content\/uploads\/usu145\/2022\/06\/1654164671084-1-300x225.jpg\" class=\"attachment-medium size-medium\" alt=\"\" srcset=\"https:\/\/agora.xtec.cat\/iesmontbui\/wp-content\/uploads\/usu145\/2022\/06\/1654164671084-1-300x225.jpg 300w, https:\/\/agora.xtec.cat\/iesmontbui\/wp-content\/uploads\/usu145\/2022\/06\/1654164671084-1-768x576.jpg 768w, https:\/\/agora.xtec.cat\/iesmontbui\/wp-content\/uploads\/usu145\/2022\/06\/1654164671084-1-200x150.jpg 200w, https:\/\/agora.xtec.cat\/iesmontbui\/wp-content\/uploads\/usu145\/2022\/06\/1654164671084-1.jpg 1024w\" sizes=\"auto, (max-width: 300px) 100vw, 300px\" \/><\/a>\n\t\t\t<\/dt><\/dl><dl class='gallery-item'>\n\t\t\t<dt class='gallery-icon portrait'>\n\t\t\t\t<a href='https:\/\/agora.xtec.cat\/iesmontbui\/general\/intercanvi-erasmus-a-courmayeur-italia\/attachment\/1654164671109\/'><img loading=\"lazy\" decoding=\"async\" width=\"225\" height=\"300\" src=\"https:\/\/agora.xtec.cat\/iesmontbui\/wp-content\/uploads\/usu145\/2022\/06\/1654164671109-225x300.jpg\" class=\"attachment-medium size-medium\" alt=\"\" srcset=\"https:\/\/agora.xtec.cat\/iesmontbui\/wp-content\/uploads\/usu145\/2022\/06\/1654164671109-225x300.jpg 225w, https:\/\/agora.xtec.cat\/iesmontbui\/wp-content\/uploads\/usu145\/2022\/06\/1654164671109.jpg 768w\" sizes=\"auto, (max-width: 225px) 100vw, 225px\" \/><\/a>\n\t\t\t<\/dt><\/dl><br style=\"clear: both\" \/>\n\t\t<\/div>\n\n","protected":false},"excerpt":{"rendered":"<p>Despr\u00e9s de la trobada a Montbui, el passat octubre, ja ten\u00edem moltes ganes de retrobar-nos a Courmayeur, un bonic poble dels Alps, al peu del mass\u00eds del Montblanc, pel cant\u00f3 itali\u00e0.<br \/>\nDilluns 2 de maig, a les 4 de la matinada, v\u00e0rem sortir de Montbui cap&hellip;  <a href=\"https:\/\/agora.xtec.cat\/iesmontbui\/general\/intercanvi-erasmus-a-courmayeur-italia\/\" title=\"Read Intercanvi Erasmus a Courmayeur (It\u00e0lia)\u00a0\">Llegeix m\u00e9s\u00bb<\/a><\/p>\n","protected":false},"author":66,"featured_media":7454,"comment_status":"closed","ping_status":"closed","sticky":false,"template":"","format":"standard","meta":{"_bbp_topic_count":0,"_bbp_reply_count":0,"_bbp_total_topic_count":0,"_bbp_total_reply_count":0,"_bbp_voice_count":0,"_bbp_anonymous_reply_count":0,"_bbp_topic_count_hidden":0,"_bbp_reply_count_hidden":0,"_bbp_forum_subforum_count":0,"footnotes":""},"categories":[120,3,7,24,25,26,66,354,1,147,29],"tags":[],"class_list":["post-7452","post","type-post","status-publish","format-standard","has-post-thumbnail","hentry","category-depciencies","category-eso","category-eso-4","category-eso-4a","category-eso-4b","category-eso-4c","category-eso_4d","category-eso-4e","category-general","category-intercanvi","category-portada"],"post_mailing_queue_ids":[],"_links":{"self":[{"href":"https:\/\/agora.xtec.cat\/iesmontbui\/wp-json\/wp\/v2\/posts\/7452","targetHints":{"allow":["GET"]}}],"collection":[{"href":"https:\/\/agora.xtec.cat\/iesmontbui\/wp-json\/wp\/v2\/posts"}],"about":[{"href":"https:\/\/agora.xtec.cat\/iesmontbui\/wp-json\/wp\/v2\/types\/post"}],"author":[{"embeddable":true,"href":"https:\/\/agora.xtec.cat\/iesmontbui\/wp-json\/wp\/v2\/users\/66"}],"replies":[{"embeddable":true,"href":"https:\/\/agora.xtec.cat\/iesmontbui\/wp-json\/wp\/v2\/comments?post=7452"}],"version-history":[{"count":2,"href":"https:\/\/agora.xtec.cat\/iesmontbui\/wp-json\/wp\/v2\/posts\/7452\/revisions"}],"predecessor-version":[{"id":7461,"href":"https:\/\/agora.xtec.cat\/iesmontbui\/wp-json\/wp\/v2\/posts\/7452\/revisions\/7461"}],"wp:featuredmedia":[{"embeddable":true,"href":"https:\/\/agora.xtec.cat\/iesmontbui\/wp-json\/wp\/v2\/media\/7454"}],"wp:attachment":[{"href":"https:\/\/agora.xtec.cat\/iesmontbui\/wp-json\/wp\/v2\/media?parent=7452"}],"wp:term":[{"taxonomy":"category","embeddable":true,"href":"https:\/\/agora.xtec.cat\/iesmontbui\/wp-json\/wp\/v2\/categories?post=7452"},{"taxonomy":"post_tag","embeddable":true,"href":"https:\/\/agora.xtec.cat\/iesmontbui\/wp-json\/wp\/v2\/tags?post=7452"}],"curies":[{"name":"wp","href":"https:\/\/api.w.org\/{rel}","templated":true}]}}